{"id":5154,"date":"2017-06-23T13:35:09","date_gmt":"2017-06-23T16:35:09","guid":{"rendered":"https:\/\/blogs.correiobraziliense.com.br\/vicente\/?p=5154"},"modified":"2017-06-23T17:53:12","modified_gmt":"2017-06-23T20:53:12","slug":"bancos-em-alerta-jbs-pode-pedir-recuperacao-judicial","status":"publish","type":"post","link":"https:\/\/blogs.correiobraziliense.com.br\/vicente\/bancos-em-alerta-jbs-pode-pedir-recuperacao-judicial\/","title":{"rendered":"Bancos em alerta: JBS pode pedir recupera\u00e7\u00e3o judicial"},"content":{"rendered":"<h2>ANTONIO TEM\u00d3TEO<\/h2>\n<h2><\/h2>\n<h2>Funcion\u00e1rios de bancos credores do grupo J&amp;F, que controla a JBS, est\u00e3o em polvorosa. Em troca de mensagens durante toda a manh\u00e3 de hoje, levantaram a possibilidade de as empresas dos irm\u00e3os Joesley e Wesley Batista pedirem recupera\u00e7\u00e3o judicial por total incapacidade de honrar seus compromissos em dia.<\/h2>\n<p>&nbsp;<\/p>\n<p>Segundo esses funcion\u00e1rios de bancos, o caixa da JBS despencou. At\u00e9 17 de maio, quando o Brasil se surpreendeu com a dela\u00e7\u00e3o dos irm\u00e3os Batista, os cofres da companhia estavam abarrotados em cerca de R$ 11 bilh\u00f5es. Atualmente, estima-se que a quantia dispon\u00edvel seja de R$ 7 bilh\u00f5es, insuficiente para fazer frente \u00e0s d\u00edvidas de R$ 18 bilh\u00f5es que vencem nos pr\u00f3ximos 12 meses. No total, a holding do grupo, a J&amp;F, deve R$ 58 bilh\u00f5es.<\/p>\n<p>&nbsp;<\/p>\n<p>A discuss\u00e3o dentro dos bancos credores \u00e9 se realmente vale a pena renegociar os d\u00e9bitos ou for\u00e7ar o grupo a se desfazer de ativos, o que ficou muito mais dif\u00edcil depois do bloqueio de bens determinado pela Justi\u00e7a. Os balan\u00e7os do segundo trimestre dos bancos, por sinal, j\u00e1 vir\u00e3o com fortes provis\u00f5es contra perdas com os irm\u00e3os Batista.<\/p>\n<p>&nbsp;<\/p>\n<p>A JBS garante que, com faturamento anual de mais de R$ 170 bilh\u00f5es, continua operando normalmente. Mas n\u00e3o \u00e9 bem assim. A empresa foi obrigada a mudar toda a sua rela\u00e7\u00e3o com os fornecedores para evitar uma sangria maior no caixa. J\u00e1 h\u00e1 demiss\u00f5es sendo feitas em v\u00e1rias unidades da empresa.<\/p>\n<p>&nbsp;<\/p>\n<p>Para especialistas, o melhor que a JBS deve fazer agora \u00e9 se desfazer de ativos para garantir a sobreviv\u00eancia. O que sobrar do patrim\u00f4nio deve ser concentrado em uma \u00fanica empresa que, nem de longe, carregue o nome JBS ou Friboi. Essas marcas se tornaram sin\u00f4nimos de corrup\u00e7\u00e3o.<\/p>\n<p>&nbsp;<\/p>\n<p>Na tentativa de salvar uma parcela do patrim\u00f4nio da JBS, acionistas minorit\u00e1rios, capitaneados pelo Banco Nacional de Desenvolvimento Econ\u00f4mico e Social (BNDES), se movimentam para afastar os irm\u00e3os Batista da gest\u00e3o dos neg\u00f3cios. Acreditam que, assim, ter\u00e3o facilidade maior para renegociar as d\u00edvidas com os credores.<\/p>\n<p>&nbsp;<\/p>\n<p>A institui\u00e7\u00e3o financeira mais reticente \u00e0 renegocia\u00e7\u00e3o \u00e9 o Ita\u00fa Unibanco. Pelos contratos, os bancos podem pedir antecipa\u00e7\u00e3o dos pagamentos quando o total de d\u00e9bitos atingir 4,75 vezes a gera\u00e7\u00e3o de caixa. Hoje, calcula-se que essa rela\u00e7\u00e3o esteja em 4,5 vezes.<br \/>\nProcurada, a J&amp;F Investimentos, controladora da JBS, informou que repudia qualquer ila\u00e7\u00e3o a respeito de uma poss\u00edvel recupera\u00e7\u00e3o judicial da companhia. A companhia ainda detalhou que tal possibilidade n\u00e3o tem nenhuma correspond\u00eancia com os fatos e nunca foi aventada, at\u00e9 porque n\u00e3o \u00e9 necess\u00e1ria. A controladora da JBS ainda comentou que\u00a0mant\u00e9m sua situa\u00e7\u00e3o financeira robusta, com faturamento de mais de R$ 170 bilh\u00f5es em 2016, e continua trabalhando normalmente, com total foco no fornecimento de produtos e na presta\u00e7\u00e3o de servi\u00e7os.<\/p>\n<p>&nbsp;<\/p>\n<p><em>Bras\u00edlia, 13h35min<\/em><\/p>\n","protected":false},"excerpt":{"rendered":"<p>ANTONIO TEM\u00d3TEO Funcion\u00e1rios de bancos credores do grupo J&amp;F, que controla a JBS, est\u00e3o em polvorosa. Em troca de mensagens durante toda a manh\u00e3 de hoje, levantaram a possibilidade de as empresas dos irm\u00e3os Joesley e Wesley Batista pedirem recupera\u00e7\u00e3o judicial por total incapacidade de honrar seus compromissos em dia. &nbsp; Segundo esses funcion\u00e1rios de [&hellip;]<\/p>\n","protected":false},"author":22,"featured_media":0,"comment_status":"open","ping_status":"closed","sticky":false,"template":"","format":"standard","meta":{"footnotes":""},"categories":[600],"tags":[822,2348,2347,1951,1187,509,2322,319,2270],"class_list":["post-5154","post","type-post","status-publish","format-standard","hentry","category-economia","tag-bancos","tag-batista","tag-credores","tag-delacoes","tag-jf","tag-jbs","tag-joesley","tag-recuperacao-judicial","tag-wesley"],"_links":{"self":[{"href":"https:\/\/blogs.correiobraziliense.com.br\/vicente\/wp-json\/wp\/v2\/posts\/5154","targetHints":{"allow":["GET"]}}],"collection":[{"href":"https:\/\/blogs.correiobraziliense.com.br\/vicente\/wp-json\/wp\/v2\/posts"}],"about":[{"href":"https:\/\/blogs.correiobraziliense.com.br\/vicente\/wp-json\/wp\/v2\/types\/post"}],"author":[{"embeddable":true,"href":"https:\/\/blogs.correiobraziliense.com.br\/vicente\/wp-json\/wp\/v2\/users\/22"}],"replies":[{"embeddable":true,"href":"https:\/\/blogs.correiobraziliense.com.br\/vicente\/wp-json\/wp\/v2\/comments?post=5154"}],"version-history":[{"count":4,"href":"https:\/\/blogs.correiobraziliense.com.br\/vicente\/wp-json\/wp\/v2\/posts\/5154\/revisions"}],"predecessor-version":[{"id":5158,"href":"https:\/\/blogs.correiobraziliense.com.br\/vicente\/wp-json\/wp\/v2\/posts\/5154\/revisions\/5158"}],"wp:attachment":[{"href":"https:\/\/blogs.correiobraziliense.com.br\/vicente\/wp-json\/wp\/v2\/media?parent=5154"}],"wp:term":[{"taxonomy":"category","embeddable":true,"href":"https:\/\/blogs.correiobraziliense.com.br\/vicente\/wp-json\/wp\/v2\/categories?post=5154"},{"taxonomy":"post_tag","embeddable":true,"href":"https:\/\/blogs.correiobraziliense.com.br\/vicente\/wp-json\/wp\/v2\/tags?post=5154"}],"curies":[{"name":"wp","href":"https:\/\/api.w.org\/{rel}","templated":true}]}}