{"id":5152,"date":"2017-06-23T12:30:29","date_gmt":"2017-06-23T15:30:29","guid":{"rendered":"https:\/\/blogs.correiobraziliense.com.br\/vicente\/?p=5152"},"modified":"2017-06-23T13:13:19","modified_gmt":"2017-06-23T16:13:19","slug":"sem-dinheiro-governo-nao-podera-usar-satelite-da-telebras","status":"publish","type":"post","link":"https:\/\/blogs.correiobraziliense.com.br\/vicente\/sem-dinheiro-governo-nao-podera-usar-satelite-da-telebras\/","title":{"rendered":"Sem dinheiro, governo n\u00e3o poder\u00e1 usar sat\u00e9lite da Telebras"},"content":{"rendered":"<p>H\u00e1 pouco mais de um m\u00eas, o governo fez um grande alarde com o lan\u00e7amento do primeiros sat\u00e9lite 100% brasileiro pela Telebras. No dia do lan\u00e7amento, 4 de maio, o ministro das Comunica\u00e7\u00f5es, Gilberto Kassab, disse que j\u00e1 havia recebido autoriza\u00e7\u00e3o para construir o segundo sat\u00e9lite, que daria total autonomia ao pa\u00eds na transmiss\u00e3o de dados.\u00a0O\u00a0sat\u00e9lite lan\u00e7ado custou R$ 2,8 bilh\u00f5es, quase o triplo do R$ 1,1 bilh\u00e3o inicialmente projetado.<\/p>\n<p>&nbsp;<\/p>\n<p>Pois bem: depois de todo o esfor\u00e7o feito pela Telebras, o governo corre o risco de ficar sem acesso as dados do \u00a0sat\u00e9lite porque n\u00e3o tem dinheiro para contratar os servi\u00e7os da estatal. A previs\u00e3o inicial era interligar, por meio de banda larga, mais de 7 mil escolas do pa\u00eds, todo o Sistema \u00danico de Sa\u00fade (SUS), \u00e1reas remotas e, sobretudo, oferecer um ambiente seguro e restrito para a comunica\u00e7\u00e3o das For\u00e7as Armadas.<\/p>\n<p>&nbsp;<\/p>\n<p>Como est\u00e1 com o caixa vazio, o Minist\u00e9rio do Planejamento n\u00e3o s\u00f3 suspendeu a contrata\u00e7\u00e3o dos servi\u00e7os da Telebras, como informou n\u00e3o ter dinheiro para bancar a continuidade das obras de infraestrutura para receber os sinais do sat\u00e9lite. Somente neste ano, teria que desembolsar mais de R$ 250 milh\u00f5es para a constru\u00e7\u00e3o de pelo menos 1 mil pontos de transmiss\u00e3o.<\/p>\n<p>&nbsp;<\/p>\n<p><strong>Negocia\u00e7\u00f5es<\/strong><\/p>\n<p>&nbsp;<\/p>\n<p>Diretor t\u00e9cnico-operacional da Telebras, Jarbas Valente ressalta que as negocia\u00e7\u00f5es para a libera\u00e7\u00e3o dos recursos pelo Planejamento continuam. Mas o problema n\u00e3o se restringe a 2017. Ser\u00e1 preciso garantir or\u00e7amento para os pr\u00f3ximos anos, de forma que todos os objetivos tra\u00e7ados para o lan\u00e7amento do sat\u00e9lite sejam alcan\u00e7ados.<\/p>\n<p>&nbsp;<\/p>\n<p>O Planejamento informa que um dos caminhos para atender os pleitos da Telebras e permitir a contrata\u00e7\u00e3o dos servi\u00e7os do sat\u00e9lite \u00e9 a aprova\u00e7\u00e3o, pelo Congresso, do uso de R$ 8,6 bilh\u00f5es em precat\u00f3rios. Esse dinheiro est\u00e1 parado em uma conta-corrente h\u00e1 mais de dois anos. S\u00e3o indeniza\u00e7\u00f5es pagas pela Uni\u00e3o, mas que n\u00e3o foram sacados pelos benefici\u00e1rios.<\/p>\n<p>&nbsp;<\/p>\n<p>A Telebras espera que todo o esfor\u00e7o feito at\u00e9 aqui n\u00e3o seja desperdi\u00e7ado. A empresa garante que, j\u00e1 no ano que vem, come\u00e7ar\u00e1 a rentabilizar o projeto. Mas \u00e9 preciso que o governo continue fazendo a sua parte.<\/p>\n<p>&nbsp;<\/p>\n<p><em>Bras\u00edlia, 12h30min<\/em><\/p>\n","protected":false},"excerpt":{"rendered":"<p>H\u00e1 pouco mais de um m\u00eas, o governo fez um grande alarde com o lan\u00e7amento do primeiros sat\u00e9lite 100% brasileiro pela Telebras. No dia do lan\u00e7amento, 4 de maio, o ministro das Comunica\u00e7\u00f5es, Gilberto Kassab, disse que j\u00e1 havia recebido autoriza\u00e7\u00e3o para construir o segundo sat\u00e9lite, que daria total autonomia ao pa\u00eds na transmiss\u00e3o de [&hellip;]<\/p>\n","protected":false},"author":22,"featured_media":0,"comment_status":"open","ping_status":"closed","sticky":false,"template":"","format":"standard","meta":{"footnotes":""},"categories":[600],"tags":[467,2346,150,2344,2345,1895],"class_list":["post-5152","post","type-post","status-publish","format-standard","hentry","category-economia","tag-governo","tag-jarbas-valente","tag-ministerio-do-planejamento","tag-satelite","tag-sem-caixa","tag-telebras"],"_links":{"self":[{"href":"https:\/\/blogs.correiobraziliense.com.br\/vicente\/wp-json\/wp\/v2\/posts\/5152","targetHints":{"allow":["GET"]}}],"collection":[{"href":"https:\/\/blogs.correiobraziliense.com.br\/vicente\/wp-json\/wp\/v2\/posts"}],"about":[{"href":"https:\/\/blogs.correiobraziliense.com.br\/vicente\/wp-json\/wp\/v2\/types\/post"}],"author":[{"embeddable":true,"href":"https:\/\/blogs.correiobraziliense.com.br\/vicente\/wp-json\/wp\/v2\/users\/22"}],"replies":[{"embeddable":true,"href":"https:\/\/blogs.correiobraziliense.com.br\/vicente\/wp-json\/wp\/v2\/comments?post=5152"}],"version-history":[{"count":1,"href":"https:\/\/blogs.correiobraziliense.com.br\/vicente\/wp-json\/wp\/v2\/posts\/5152\/revisions"}],"predecessor-version":[{"id":5153,"href":"https:\/\/blogs.correiobraziliense.com.br\/vicente\/wp-json\/wp\/v2\/posts\/5152\/revisions\/5153"}],"wp:attachment":[{"href":"https:\/\/blogs.correiobraziliense.com.br\/vicente\/wp-json\/wp\/v2\/media?parent=5152"}],"wp:term":[{"taxonomy":"category","embeddable":true,"href":"https:\/\/blogs.correiobraziliense.com.br\/vicente\/wp-json\/wp\/v2\/categories?post=5152"},{"taxonomy":"post_tag","embeddable":true,"href":"https:\/\/blogs.correiobraziliense.com.br\/vicente\/wp-json\/wp\/v2\/tags?post=5152"}],"curies":[{"name":"wp","href":"https:\/\/api.w.org\/{rel}","templated":true}]}}