{"id":5143,"date":"2017-06-21T21:10:32","date_gmt":"2017-06-22T00:10:32","guid":{"rendered":"https:\/\/blogs.correiobraziliense.com.br\/vicente\/?p=5143"},"modified":"2017-06-21T21:42:57","modified_gmt":"2017-06-22T00:42:57","slug":"saques-em-contas-inativas-do-fgts-passam-de-r-36-bilhoes","status":"publish","type":"post","link":"https:\/\/blogs.correiobraziliense.com.br\/vicente\/saques-em-contas-inativas-do-fgts-passam-de-r-36-bilhoes\/","title":{"rendered":"Saques em contas inativas do FGTS passam de R$ 36 bilh\u00f5es"},"content":{"rendered":"<h2>Extremamente ansioso pela recupera\u00e7\u00e3o da economia para ter um forte contraponto \u00e0 grave crise pol\u00edtica que pode dep\u00f4r o presidente Michel Temer, o governo comemora o volume de saques das contas inativas do Fundo de Garantia do Tempo de Servi\u00e7o (FGTS) at\u00e9 agora. As retiradas j\u00e1 passam de R$ 36 bilh\u00f5es e superam as estimativas iniciais para todo o programa, entre R$ 30 bilh\u00f5es e R$ 35 bilh\u00f5es.<\/h2>\n<p>&nbsp;<\/p>\n<p>Na avalia\u00e7\u00e3o da equipe econ\u00f4mica, esse dinheiro, que est\u00e1 sendo usado, em parte, para o pagamento de d\u00edvidas e, em parte, para o consumo de bens e servi\u00e7os, ser\u00e1 um dos diferenciais que garantir\u00e3o um Produto Interno Bruto (PIB) positivo entre abril e junho. O mercado fala em queda de 0,5%, pelo menos.<\/p>\n<p>&nbsp;<\/p>\n<p>No total, foram disponibilizados para saques no FGTS R$ 43 bilh\u00f5es. Ou seja, 82% do total j\u00e1 foram liberados. O governo acredita que, at\u00e9 31 de julho, quando vence o prazo para que todos os trabalhadores raspem as contas inativas, quase 100% devem ser retirados.<\/p>\n<p>&nbsp;<\/p>\n<p><strong>Crise pol\u00edtica<\/strong><\/p>\n<p>&nbsp;<\/p>\n<p>Se essa previs\u00e3o se confirmar, os recursos das contas inativas do FGTS impactar\u00e3o o PIB em 0,68 ponto percentual neste ano. Por isso, a equipe econ\u00f4mica mant\u00e9m a previs\u00e3o de que o crescimento deste ano ser\u00e1 de 0,5%, apesar de todo o pessimismo trazido pela crise pol\u00edtica. H\u00e1 especialistas que n\u00e3o descartam a possibilidade de o PIB cair pelo terceiro ano seguido.<\/p>\n<p>&nbsp;<\/p>\n<p>O governo tem usado o discurso de que, mesmo as pessoas que usaram o dinheiro das contas inativas para pagar d\u00edvidas ajudar\u00e3o a dar f\u00f4lego \u00e0 economia. \u00c0 medida que as fam\u00edlias tiram os nomes das listas de maus pagadores, ficam aptas a consumirem novamente, fazendo a roda girar.<\/p>\n<p>&nbsp;<\/p>\n<p>Ningu\u00e9m espera, por\u00e9m, uma explos\u00e3o do consumo nos pr\u00f3ximos meses. Muito pelo contr\u00e1rio. A demanda crescer\u00e1 lentamente, sobretudo por causa do elevad\u00edssimo n\u00edvel de desemprego (14 milh\u00f5es de pessoas est\u00e3o sem trabalho) e do baixo n\u00edvel de confian\u00e7a dos investidores.<\/p>\n<p>&nbsp;<\/p>\n<p><em>Bras\u00edlia, 21h10min<\/em><\/p>\n","protected":false},"excerpt":{"rendered":"<p>Extremamente ansioso pela recupera\u00e7\u00e3o da economia para ter um forte contraponto \u00e0 grave crise pol\u00edtica que pode dep\u00f4r o presidente Michel Temer, o governo comemora o volume de saques das contas inativas do Fundo de Garantia do Tempo de Servi\u00e7o (FGTS) at\u00e9 agora. As retiradas j\u00e1 passam de R$ 36 bilh\u00f5es e superam as estimativas [&hellip;]<\/p>\n","protected":false},"author":22,"featured_media":0,"comment_status":"open","ping_status":"closed","sticky":false,"template":"","format":"standard","meta":{"footnotes":""},"categories":[600],"tags":[2341,1656,303,2342,507,58],"class_list":["post-5143","post","type-post","status-publish","format-standard","hentry","category-economia","tag-consumo","tag-contas-inativas","tag-divida","tag-familias","tag-fgts","tag-pib"],"_links":{"self":[{"href":"https:\/\/blogs.correiobraziliense.com.br\/vicente\/wp-json\/wp\/v2\/posts\/5143","targetHints":{"allow":["GET"]}}],"collection":[{"href":"https:\/\/blogs.correiobraziliense.com.br\/vicente\/wp-json\/wp\/v2\/posts"}],"about":[{"href":"https:\/\/blogs.correiobraziliense.com.br\/vicente\/wp-json\/wp\/v2\/types\/post"}],"author":[{"embeddable":true,"href":"https:\/\/blogs.correiobraziliense.com.br\/vicente\/wp-json\/wp\/v2\/users\/22"}],"replies":[{"embeddable":true,"href":"https:\/\/blogs.correiobraziliense.com.br\/vicente\/wp-json\/wp\/v2\/comments?post=5143"}],"version-history":[{"count":1,"href":"https:\/\/blogs.correiobraziliense.com.br\/vicente\/wp-json\/wp\/v2\/posts\/5143\/revisions"}],"predecessor-version":[{"id":5144,"href":"https:\/\/blogs.correiobraziliense.com.br\/vicente\/wp-json\/wp\/v2\/posts\/5143\/revisions\/5144"}],"wp:attachment":[{"href":"https:\/\/blogs.correiobraziliense.com.br\/vicente\/wp-json\/wp\/v2\/media?parent=5143"}],"wp:term":[{"taxonomy":"category","embeddable":true,"href":"https:\/\/blogs.correiobraziliense.com.br\/vicente\/wp-json\/wp\/v2\/categories?post=5143"},{"taxonomy":"post_tag","embeddable":true,"href":"https:\/\/blogs.correiobraziliense.com.br\/vicente\/wp-json\/wp\/v2\/tags?post=5143"}],"curies":[{"name":"wp","href":"https:\/\/api.w.org\/{rel}","templated":true}]}}