{"id":5123,"date":"2017-06-19T19:05:42","date_gmt":"2017-06-19T22:05:42","guid":{"rendered":"https:\/\/blogs.correiobraziliense.com.br\/vicente\/?p=5123"},"modified":"2017-06-19T19:50:36","modified_gmt":"2017-06-19T22:50:36","slug":"caixa-suspende-de-novo-financiamento-mais-barato-da-casa-propria","status":"publish","type":"post","link":"https:\/\/blogs.correiobraziliense.com.br\/vicente\/caixa-suspende-de-novo-financiamento-mais-barato-da-casa-propria\/","title":{"rendered":"Caixa suspende, de novo, financiamento mais barato da casa pr\u00f3pria"},"content":{"rendered":"<p>MARLLA SABINO<\/p>\n<p>&nbsp;<\/p>\n<p>Sem dinheiro, a Caixa Econ\u00f4mica Federal suspendeu, novamente, a linha pr\u00f3-cotista que tem os juros mais baixos para financiamento da casa pr\u00f3pria. Alega\u00e7\u00e3o: o dinheiro acabou. Essa linha de cr\u00e9dito \u00e9 destinada a trabalhadores que t\u00eam conta no Fundo de Garantia do Tempo de Servi\u00e7o (FGTS) h\u00e1 tr\u00eas anos ou mais. Os juros s\u00e3o de 8,6% ao ano, quando os demais clientes do banco pagam, em m\u00e9dia, 10,5% anuais.<\/p>\n<p>&nbsp;<\/p>\n<p>Segundo o banco, s\u00f3 ser\u00e3o contemplados os clientes que assinarem contratos at\u00e9 31 de julho ou cujos processos j\u00e1 estejam em andamento. Na linha pr\u00f3-cotista, o valor dos im\u00f3veis n\u00e3o pode passar de R$ 950 mil no Distrito Federal, no Rio de Janeiro, em S\u00e3o Pulo e em Minas Gerais. Nos demais estados, o teto \u00e9 de R$ 800 mil.<\/p>\n<p>&nbsp;<\/p>\n<p>A linha pr\u00f3-cotista s\u00f3 \u00e9 mais cara que os financiamentos concedidos por meio do Minha Casa Minha Vida. A Caixa alega que a suspens\u00e3o dos empr\u00e9stimos aos trabalhadores se d\u00e1 &#8220;em raz\u00e3o do comprometimento total do or\u00e7amento definido pelo Conselho Curador do FGTS&#8221;.<\/p>\n<p>&nbsp;<\/p>\n<p>A primeira vez que a Caixa suspendeu os financiamentos para a linha pr\u00f3-cotista foi em abril. Mas, por press\u00e3o do banco, em maio, o or\u00e7amento foi refor\u00e7ado em R$ 2,54 bilh\u00f5es, de R$ 5 bilh\u00f5es para R$ 7,54 bilh\u00f5es. Os recursos extras, por\u00e9m, n\u00e3o foram suficientes para atender a demanda.<\/p>\n<p>&nbsp;<\/p>\n<p>Na melhor das hip\u00f3tese, pode ser que o Conselho Curador fa\u00e7a um novo aporte \u00e0 linha pr\u00f3-cotista. No entender de t\u00e9cnicos da institui\u00e7\u00e3o, demanda h\u00e1, mesmo com toda a recess\u00e3o. Os trabalhadores que adiaram a compra da casa pr\u00f3pria por causa da crise, agora, est\u00e3o se animando a realizar o sonho diante da queda dos pre\u00e7os dos im\u00f3veis.<\/p>\n<p>&nbsp;<\/p>\n<p>Para o setor da constru\u00e7\u00e3o civil, \u00e9 vital que a Caixa mantenha ativas todas as linhas de empr\u00e9stimos para a casa pr\u00f3pria. Cr\u00e9dito \u00e9 fundamental para que o mercado consiga sair do atoleiro no qual se meteu nos \u00faltimos anos.<\/p>\n<p>&nbsp;<\/p>\n<p><em>Bras\u00edlia, 19h05min<\/em><\/p>\n","protected":false},"excerpt":{"rendered":"<p>MARLLA SABINO &nbsp; Sem dinheiro, a Caixa Econ\u00f4mica Federal suspendeu, novamente, a linha pr\u00f3-cotista que tem os juros mais baixos para financiamento da casa pr\u00f3pria. Alega\u00e7\u00e3o: o dinheiro acabou. Essa linha de cr\u00e9dito \u00e9 destinada a trabalhadores que t\u00eam conta no Fundo de Garantia do Tempo de Servi\u00e7o (FGTS) h\u00e1 tr\u00eas anos ou mais. Os [&hellip;]<\/p>\n","protected":false},"author":22,"featured_media":0,"comment_status":"open","ping_status":"closed","sticky":false,"template":"","format":"standard","meta":{"footnotes":""},"categories":[600],"tags":[],"class_list":["post-5123","post","type-post","status-publish","format-standard","hentry","category-economia"],"_links":{"self":[{"href":"https:\/\/blogs.correiobraziliense.com.br\/vicente\/wp-json\/wp\/v2\/posts\/5123","targetHints":{"allow":["GET"]}}],"collection":[{"href":"https:\/\/blogs.correiobraziliense.com.br\/vicente\/wp-json\/wp\/v2\/posts"}],"about":[{"href":"https:\/\/blogs.correiobraziliense.com.br\/vicente\/wp-json\/wp\/v2\/types\/post"}],"author":[{"embeddable":true,"href":"https:\/\/blogs.correiobraziliense.com.br\/vicente\/wp-json\/wp\/v2\/users\/22"}],"replies":[{"embeddable":true,"href":"https:\/\/blogs.correiobraziliense.com.br\/vicente\/wp-json\/wp\/v2\/comments?post=5123"}],"version-history":[{"count":6,"href":"https:\/\/blogs.correiobraziliense.com.br\/vicente\/wp-json\/wp\/v2\/posts\/5123\/revisions"}],"predecessor-version":[{"id":5129,"href":"https:\/\/blogs.correiobraziliense.com.br\/vicente\/wp-json\/wp\/v2\/posts\/5123\/revisions\/5129"}],"wp:attachment":[{"href":"https:\/\/blogs.correiobraziliense.com.br\/vicente\/wp-json\/wp\/v2\/media?parent=5123"}],"wp:term":[{"taxonomy":"category","embeddable":true,"href":"https:\/\/blogs.correiobraziliense.com.br\/vicente\/wp-json\/wp\/v2\/categories?post=5123"},{"taxonomy":"post_tag","embeddable":true,"href":"https:\/\/blogs.correiobraziliense.com.br\/vicente\/wp-json\/wp\/v2\/tags?post=5123"}],"curies":[{"name":"wp","href":"https:\/\/api.w.org\/{rel}","templated":true}]}}