{"id":5105,"date":"2017-06-15T23:10:40","date_gmt":"2017-06-16T02:10:40","guid":{"rendered":"https:\/\/blogs.correiobraziliense.com.br\/vicente\/?p=5105"},"modified":"2017-06-15T23:26:29","modified_gmt":"2017-06-16T02:26:29","slug":"mantega-vendia-informacoes-privilegiadas-ao-mercado-diz-palocci","status":"publish","type":"post","link":"https:\/\/blogs.correiobraziliense.com.br\/vicente\/mantega-vendia-informacoes-privilegiadas-ao-mercado-diz-palocci\/","title":{"rendered":"Mantega vendia informa\u00e7\u00f5es privilegiadas ao mercado, diz Palocci"},"content":{"rendered":"<p>PAULO DE TARSO LYRA<\/p>\n<h2><\/h2>\n<h2>O ex-ministro Antonio Palocci centrou fogo no seu sucessor na Fazenda, Guido Mantega. Nos primeiros depoimentos prestados ao Minist\u00e9rio P\u00fablico Federal no acordo de dela\u00e7\u00e3o premiada em negocia\u00e7\u00e3o, o ex-chefe da Casa Civil do governo Dilma acusa Mantega de repassar informa\u00e7\u00f5es privilegiadas ao mercado financeiro sobre opera\u00e7\u00f5es de juros e mudan\u00e7as de c\u00e2mbio. Segundo o que Palocci disse aos procuradores da for\u00e7a-tarefa da Lava-Jato, o esquema funcionava desde 2003, quando Mantega estava \u00e0 frente do Minist\u00e9rio do Planejamento, e continuou, em 2004, quando ele assumiu a presid\u00eancia do Banco Nacional do Desenvolvimento (BNDES).<\/h2>\n<p>&nbsp;<\/p>\n<p>Palocci ainda falou que Mantega teria levado vantagens nos programas de desonera\u00e7\u00e3o de impostos na ind\u00fastria automobil\u00edstica. O ex-ministro, entretanto, n\u00e3o chegou a detalhar quais seriam essas benesses. A dela\u00e7\u00e3o j\u00e1 conta com 16 anexos. Os advogados dele acreditam que, com as informa\u00e7\u00f5es prestadas, ganhar\u00e1 direito \u00e0 pris\u00e3o domiciliar. O Correio n\u00e3o conseguiu localizar Mantega nem seus defensores para comentar as acusa\u00e7\u00f5es de Palocci.<\/p>\n<p>&nbsp;<\/p>\n<p>Nas alega\u00e7\u00f5es finais apresentadas a S\u00e9rgio Moro, a defesa de Palocci tamb\u00e9m atribui a Mantega a responsabilidade por autorizar pagamentos ilegais da Odebrecht na conta do marqueteiro Jo\u00e3o Santana na Su\u00ed\u00e7a. Sem citar expressamente o ex-ministro, os advogados destacam trechos do depoimento de Marcelo Odebrecht que atribu\u00edram a Mantega a responsabilidade por gerir pagamentos endere\u00e7ados ao PT a partir de 2011. \u201cOs valores constantes da planilha \u2018italiano\u2019 n\u00e3o eram destinados ao acusado, mas sim ao partido, de forma que, ap\u00f3s Antonio Palocci deixar o governo, o montante passou a ser gerido por uma terceira pessoa\u201d, disse, em refer\u00eancia indireta a Mantega, e destacando depoimento de Marcelo.<\/p>\n<p>&nbsp;<\/p>\n<p>Neste processo tamb\u00e9m s\u00e3o acusados Branislav Kontic, ex-assessor de Palocci, o empreiteiro Marcelo Odebrecht e outros 12 investigados por corrup\u00e7\u00e3o ativa e passiva e lavagem de dinheiro. A for\u00e7a-tarefa da Lava Jato afirma que Palocci tinha uma \u201cconta-corrente\u201d de propinas com a Odebrecht. O ex-ministro foi preso na Opera\u00e7\u00e3o Omert\u00e0, 35\u00aa fase da Lava Jato, em 26 de setembro de 2016.<\/p>\n<p>&nbsp;<\/p>\n<p><strong>Rocha Loures<\/strong><\/p>\n<p>&nbsp;<\/p>\n<p>Nas alega\u00e7\u00f5es, a defesa de Palocci tamb\u00e9m faz refer\u00eancia a um \u201cex-deputado flagrado com mala de R$ 500 mil\u201d para confrontar uma declara\u00e7\u00e3o do executivo Fernando Migliaccio, um dos delatores da Odebrecht na Lava-Jato. Os advogados Alessandro Silverio, Bruno Augusto Gon\u00e7alves Vianna e Sylvio Louren\u00e7o da Silveira Filho n\u00e3o citam nominalmente o suplente de deputado federal Rodrigo Rocha Loures (PMDB-PR). O ex-assessor especial do presidente Michel Temer foi filmado pela Pol\u00edcia Federal, em 28 de abril, saindo apressado de um estacionamento com mala estufada de propinas da JBS.<\/p>\n<p>&nbsp;<\/p>\n<p>Fernando Migliaccio afirmou em depoimento que Branislav Kontic, ex-assessor de Palocci, pegava dinheiro em esp\u00e9cie, \u201cnunca menos do que um milh\u00e3o\u201d, com o pr\u00f3prio delator, \u201cbotava na mochila e ia embora\u201d. Segundo o executivo, \u201cdependendo das notas, cabe at\u00e9 uns R$ 2 milh\u00f5es, R$ 3 milh\u00f5es numa mochila\u201d. A defesa do ex-ministro afirma nas alega\u00e7\u00f5es finais que se trata da \u201cmentira perfeita\u201d.<\/p>\n<p>&nbsp;<\/p>\n<p>\u201cO colaborador Fernando Migliaccio foi desmascarado pelos recentes fatos envolvendo um ex-deputado federal do Paran\u00e1, que teria sido flagrado portando uma mala com R$ 500 mil, como \u00e9 fato p\u00fablico, not\u00f3rio e amplamente divulgado na m\u00eddia. Note-se: no epis\u00f3dio envolvendo o deputado, havia uma mala contendo R$ 500 mil\u201d, narra a defesa no documento.<\/p>\n<p>&nbsp;<\/p>\n<p>\u201cOra, como se sabe agora, R$ 500 mil ocupam o volume de uma mala m\u00e9dia. Mas, de acordo com o delator, Branislav Kontic fazia caber em uma mochila \u2014 com aproximadamente um ter\u00e7o ou pouco mais da capacidade da mala carregada pelo deputado paranaense \u2014 nunca menos do que o dobro do valor contido em uma mala m\u00e9dia. A fal\u00e1cia contada pelo r\u00e9u colaborador salta aos olhos. Esse fato demonstra, por si s\u00f3, a inconsist\u00eancia das alega\u00e7\u00f5es feitas pelo corr\u00e9u delator.\u201d<\/p>\n<p>&nbsp;<\/p>\n<p>Bras\u00edlia, 23h10min<\/p>\n","protected":false},"excerpt":{"rendered":"<p>PAULO DE TARSO LYRA O ex-ministro Antonio Palocci centrou fogo no seu sucessor na Fazenda, Guido Mantega. Nos primeiros depoimentos prestados ao Minist\u00e9rio P\u00fablico Federal no acordo de dela\u00e7\u00e3o premiada em negocia\u00e7\u00e3o, o ex-chefe da Casa Civil do governo Dilma acusa Mantega de repassar informa\u00e7\u00f5es privilegiadas ao mercado financeiro sobre opera\u00e7\u00f5es de juros e mudan\u00e7as [&hellip;]<\/p>\n","protected":false},"author":22,"featured_media":0,"comment_status":"open","ping_status":"closed","sticky":false,"template":"","format":"standard","meta":{"footnotes":""},"categories":[600],"tags":[479,849,2112,1270,1293,4,2335],"class_list":["post-5105","post","type-post","status-publish","format-standard","hentry","category-economia","tag-antonio-palocci","tag-cambio","tag-desoneracao","tag-guido-mantega","tag-informacao-privilegiada","tag-juros","tag-setor-automotivo"],"_links":{"self":[{"href":"https:\/\/blogs.correiobraziliense.com.br\/vicente\/wp-json\/wp\/v2\/posts\/5105","targetHints":{"allow":["GET"]}}],"collection":[{"href":"https:\/\/blogs.correiobraziliense.com.br\/vicente\/wp-json\/wp\/v2\/posts"}],"about":[{"href":"https:\/\/blogs.correiobraziliense.com.br\/vicente\/wp-json\/wp\/v2\/types\/post"}],"author":[{"embeddable":true,"href":"https:\/\/blogs.correiobraziliense.com.br\/vicente\/wp-json\/wp\/v2\/users\/22"}],"replies":[{"embeddable":true,"href":"https:\/\/blogs.correiobraziliense.com.br\/vicente\/wp-json\/wp\/v2\/comments?post=5105"}],"version-history":[{"count":2,"href":"https:\/\/blogs.correiobraziliense.com.br\/vicente\/wp-json\/wp\/v2\/posts\/5105\/revisions"}],"predecessor-version":[{"id":5108,"href":"https:\/\/blogs.correiobraziliense.com.br\/vicente\/wp-json\/wp\/v2\/posts\/5105\/revisions\/5108"}],"wp:attachment":[{"href":"https:\/\/blogs.correiobraziliense.com.br\/vicente\/wp-json\/wp\/v2\/media?parent=5105"}],"wp:term":[{"taxonomy":"category","embeddable":true,"href":"https:\/\/blogs.correiobraziliense.com.br\/vicente\/wp-json\/wp\/v2\/categories?post=5105"},{"taxonomy":"post_tag","embeddable":true,"href":"https:\/\/blogs.correiobraziliense.com.br\/vicente\/wp-json\/wp\/v2\/tags?post=5105"}],"curies":[{"name":"wp","href":"https:\/\/api.w.org\/{rel}","templated":true}]}}