{"id":5094,"date":"2017-06-13T16:45:26","date_gmt":"2017-06-13T19:45:26","guid":{"rendered":"https:\/\/blogs.correiobraziliense.com.br\/vicente\/?p=5094"},"modified":"2017-06-13T20:19:49","modified_gmt":"2017-06-13T23:19:49","slug":"pezao-e-chamado-de-ladrao-e-safado-na-porta-de-ministerio","status":"publish","type":"post","link":"https:\/\/blogs.correiobraziliense.com.br\/vicente\/pezao-e-chamado-de-ladrao-e-safado-na-porta-de-ministerio\/","title":{"rendered":"Pez\u00e3o \u00e9 chamado de &#8220;ladr\u00e3o&#8221; e &#8220;safado&#8221; na porta de minist\u00e9rio"},"content":{"rendered":"<p>ROSANA HESSEL<\/p>\n<p>&nbsp;<\/p>\n<p>O governo do Rio de Janeiro, Luiz Fernando Pez\u00e3o, passou por momentos constrangedores quando chegava ao Minist\u00e9rio da Fazenda na tarde desta ter\u00e7a-feira, 13.<\/p>\n<p>&nbsp;<\/p>\n<p>Um motorista que passava em frente ao minist\u00e9rio gritou &#8220;Pez\u00e3o ladr\u00e3o, safado, sua hora vai chegar&#8221;. O que era para ser uma chegada discreta se transformou em um grande burburinho.<\/p>\n<p>&nbsp;<\/p>\n<p>Pez\u00e3o amea\u00e7ou reagir, mas acabou se calando para n\u00e3o alimentar ainda mais o constrangimento, j\u00e1 que ele passou a ser o alvo central de todos que passavam, naquele momento, pela Fazenda.<\/p>\n<p>&nbsp;<\/p>\n<p>O governador do Rio tinha um encontro marcado com a secret\u00e1ria do Tesouro Nacional, Ana Paula Vescovi, com a qual tratou sobre a ades\u00e3o do estado ao regime de recupera\u00e7\u00e3o fiscal.<\/p>\n<p>&nbsp;<\/p>\n<p>Quebrado, o Rio precisa, urgentemente, assinar o acordo com a Uni\u00e3o para receber um socorro do Tesouro Nacional. Mas h\u00e1 problemas, pois a ades\u00e3o do regime de recupera\u00e7\u00e3o fiscal depende da aprova\u00e7\u00e3o, pela Assembleia Legislativa do Rio, de um limite para o teto de gastos.<\/p>\n<p>&nbsp;<\/p>\n<p><strong>Reformas<\/strong><\/p>\n<p>&nbsp;<\/p>\n<p>Pez\u00e3o permaneceu em Bras\u00edlia. Na noite desta ter\u00e7a-feira, ela participar\u00e1 de um jantar com o presidente Michel Temer, que busca apoio dos governadores para se manter no cargo e aprovar reformas importantes no Congresso, como a trabalhista e a da Previd\u00eancia Social.<\/p>\n<p>&nbsp;<\/p>\n<p>No card\u00e1pio do jantar com Temer est\u00e1 a renegocia\u00e7\u00e3o das d\u00edvidas dos estados e linhas de empr\u00e9stimos do Banco Nacional de Desenvolvimento Econ\u00f4mico e Social (BNDES). De in\u00edcio, houve resist\u00eancia de v\u00e1rios governadores.<\/p>\n<p>&nbsp;<\/p>\n<p>O Pal\u00e1cio do Planalto est\u00e1 disposto a fazer v\u00e1rias concess\u00f5es aos estados. Em troca, os governadores ajudaram a movimentar as bases do Congresso para dar as vit\u00f3rias que Temer precisa para mostrar for\u00e7a pol\u00edtica.<\/p>\n<p>&nbsp;<\/p>\n<p>A equipe econ\u00f4mica, por\u00e9m, est\u00e1 preocupada com a disposi\u00e7\u00e3o do Planalto de abrir os cofres em troca de apoio. As contas p\u00fablicas continuam em situa\u00e7\u00e3o calamitosa. H\u00e1 o risco, inclusive, de o deficit fiscal deste ano ser maior do que os R$ 139 bilh\u00f5es definidos como teto.<\/p>\n<p>&nbsp;<\/p>\n<p><em>Bras\u00edlia, 16h45min<\/em><\/p>\n","protected":false},"excerpt":{"rendered":"<p>ROSANA HESSEL &nbsp; O governo do Rio de Janeiro, Luiz Fernando Pez\u00e3o, passou por momentos constrangedores quando chegava ao Minist\u00e9rio da Fazenda na tarde desta ter\u00e7a-feira, 13. &nbsp; Um motorista que passava em frente ao minist\u00e9rio gritou &#8220;Pez\u00e3o ladr\u00e3o, safado, sua hora vai chegar&#8221;. O que era para ser uma chegada discreta se transformou em [&hellip;]<\/p>\n","protected":false},"author":22,"featured_media":0,"comment_status":"open","ping_status":"closed","sticky":false,"template":"","format":"standard","meta":{"footnotes":""},"categories":[600],"tags":[],"class_list":["post-5094","post","type-post","status-publish","format-standard","hentry","category-economia"],"_links":{"self":[{"href":"https:\/\/blogs.correiobraziliense.com.br\/vicente\/wp-json\/wp\/v2\/posts\/5094","targetHints":{"allow":["GET"]}}],"collection":[{"href":"https:\/\/blogs.correiobraziliense.com.br\/vicente\/wp-json\/wp\/v2\/posts"}],"about":[{"href":"https:\/\/blogs.correiobraziliense.com.br\/vicente\/wp-json\/wp\/v2\/types\/post"}],"author":[{"embeddable":true,"href":"https:\/\/blogs.correiobraziliense.com.br\/vicente\/wp-json\/wp\/v2\/users\/22"}],"replies":[{"embeddable":true,"href":"https:\/\/blogs.correiobraziliense.com.br\/vicente\/wp-json\/wp\/v2\/comments?post=5094"}],"version-history":[{"count":1,"href":"https:\/\/blogs.correiobraziliense.com.br\/vicente\/wp-json\/wp\/v2\/posts\/5094\/revisions"}],"predecessor-version":[{"id":5095,"href":"https:\/\/blogs.correiobraziliense.com.br\/vicente\/wp-json\/wp\/v2\/posts\/5094\/revisions\/5095"}],"wp:attachment":[{"href":"https:\/\/blogs.correiobraziliense.com.br\/vicente\/wp-json\/wp\/v2\/media?parent=5094"}],"wp:term":[{"taxonomy":"category","embeddable":true,"href":"https:\/\/blogs.correiobraziliense.com.br\/vicente\/wp-json\/wp\/v2\/categories?post=5094"},{"taxonomy":"post_tag","embeddable":true,"href":"https:\/\/blogs.correiobraziliense.com.br\/vicente\/wp-json\/wp\/v2\/tags?post=5094"}],"curies":[{"name":"wp","href":"https:\/\/api.w.org\/{rel}","templated":true}]}}