{"id":5091,"date":"2017-06-10T17:23:52","date_gmt":"2017-06-10T20:23:52","guid":{"rendered":"https:\/\/blogs.correiobraziliense.com.br\/vicente\/?p=5091"},"modified":"2017-06-10T20:37:44","modified_gmt":"2017-06-10T23:37:44","slug":"fgts-r-200-milhoes-disposicao-de-159-mil-brasilienses","status":"publish","type":"post","link":"https:\/\/blogs.correiobraziliense.com.br\/vicente\/fgts-r-200-milhoes-disposicao-de-159-mil-brasilienses\/","title":{"rendered":"FGTS: R$ 200 milh\u00f5es \u00e0 disposi\u00e7\u00e3o de 129,5 mil brasilienses"},"content":{"rendered":"<p>RODOLFO COSTA<\/p>\n<p>&nbsp;<\/p>\n<p>O saque das contas inativas do Fundo de Garantia do Tempo de Servi\u00e7o (FGTS) movimentaram no Distrito Federal. As 37 ag\u00eancias da Caixa Econ\u00f4mica Federal que abriram neste s\u00e1bado, 10, lotaram. Somente na capital federal, 129,5 mil trabalhadores nascidos em setembro, outubro e novembro t\u00eam direito a sacar uma montanha R$ 200 milh\u00f5es. Em tempos de recess\u00e3o, \u00e9 uma quantia importante para o consumo de bens e servi\u00e7os e para a redu\u00e7\u00e3o do endividamento das fam\u00edlias. No pa\u00eds, 7,5 milh\u00f5es cotistas podem sacar R$ 10,9 bilh\u00f5es.<\/p>\n<p>&nbsp;<\/p>\n<p>Esse \u00e9 o quarto lote de saques. Quem ainda n\u00e3o conseguiu fazer o saque n\u00e3o precisa se preocupar. Os resgates podem ser realizados at\u00e9 31 de julho. A Caixa estima que, nos primeiros dias do calend\u00e1rio de saques, o banco paga quase 80% do previsto para a fase e, por isso, as ag\u00eancias costumam ficar t\u00e3o cheias e o atendimento, mais demorado. Portanto, como ainda h\u00e1 tempo para realizar o saque, quem n\u00e3o gosta de filas e n\u00e3o tem pressa para utilizar o dinheiro, pode esperar mais alguns dias sem preju\u00edzo.<\/p>\n<p>&nbsp;<\/p>\n<p>O trabalhador que for sacar o dinheiro deve ir munido com documento de identifica\u00e7\u00e3o e carteira de trabalho e\/ou termo de rescis\u00e3o de contrato de trabalho. Para valores acima de R$ 10 mil, \u00e9 obrigat\u00f3ria a apresenta\u00e7\u00e3o da carteira de trabalho. Al\u00e9m do funcionamento de algumas unidades neste s\u00e1bado, nos pr\u00f3ximos dias 12, 13, 14, as ag\u00eancias abrir\u00e3o duas horas mais cedo do que o habitual para atender os benefici\u00e1rios.<\/p>\n<p>&nbsp;<\/p>\n<p>T\u00eam direito de sacar os recursos aqueles que pediram demiss\u00e3o ou foram demitidos por justa causa at\u00e9 31 de dezembro de 2015. Entre 10 de mar\u00e7o e 2 de junho, a Caixa registrou o pagamento de R$ 27,6 bilh\u00f5es relativos \u00e0s contas inativas do FGTS, 95,2% do total inicialmente previsto para o per\u00edodo (R$ 29,1 bilh\u00f5es). Foram beneficiados 16,3 milh\u00f5es de trabalhadores, 81% do total, segundo a institui\u00e7\u00e3o.<\/p>\n<p>&nbsp;<\/p>\n<p>Os trabalhadores que t\u00eam at\u00e9 R$ 1,5 mil poder\u00e3o sacar no autoatendimento com a senha do Cart\u00e3o Cidad\u00e3o. A retirada de valores at\u00e9 R$ 3 mil tamb\u00e9m pode ser feita no autoatendimento, mas ser\u00e1 necess\u00e1rio o uso do Cart\u00e3o Cidad\u00e3o, s\u00f3 a senha n\u00e3o autoriza o saque. Essa quantia tamb\u00e9m pode ser sacada nas lot\u00e9ricas e correspondentes banc\u00e1rios com a identidade, o Cart\u00e3o Cidad\u00e3o e a senha.<\/p>\n<p>&nbsp;<\/p>\n<p>A \u00faltima etapa de saque das contas inativas de FGTS, para os nascidos em dezembro, ocorrer\u00e1 a partir de 14 de julho. Ser\u00e3o 2,5 milh\u00f5es de trabalhadores, 8,1% do total de contemplados. Mas muita aten\u00e7\u00e3o, porque esse grupo de benefici\u00e1rios ter\u00e1 o menor tempo para fazer o saque, uma vez que o prazo acaba em 31 de julho. Os valores n\u00e3o sacados dentro desse per\u00edodo permanecer\u00e3o nas contas do FGTS e poder\u00e3o ser resgatados nos casos previstos na legisla\u00e7\u00e3o do fundo, como aquisi\u00e7\u00e3o da casa pr\u00f3pria e aposentadoria.<\/p>\n<p>&nbsp;<\/p>\n<p><em>Bras\u00edlia, 17h23min<\/em><\/p>\n","protected":false},"excerpt":{"rendered":"<p>RODOLFO COSTA &nbsp; O saque das contas inativas do Fundo de Garantia do Tempo de Servi\u00e7o (FGTS) movimentaram no Distrito Federal. As 37 ag\u00eancias da Caixa Econ\u00f4mica Federal que abriram neste s\u00e1bado, 10, lotaram. Somente na capital federal, 129,5 mil trabalhadores nascidos em setembro, outubro e novembro t\u00eam direito a sacar uma montanha R$ 200 [&hellip;]<\/p>\n","protected":false},"author":22,"featured_media":0,"comment_status":"open","ping_status":"closed","sticky":false,"template":"","format":"standard","meta":{"footnotes":""},"categories":[600],"tags":[2327,115,1656,507,1180,1159,2328],"class_list":["post-5091","post","type-post","status-publish","format-standard","hentry","category-economia","tag-brasilienses","tag-caixa-economica-federal","tag-contas-inativas","tag-fgts","tag-novembro","tag-outubro","tag-setembro"],"_links":{"self":[{"href":"https:\/\/blogs.correiobraziliense.com.br\/vicente\/wp-json\/wp\/v2\/posts\/5091","targetHints":{"allow":["GET"]}}],"collection":[{"href":"https:\/\/blogs.correiobraziliense.com.br\/vicente\/wp-json\/wp\/v2\/posts"}],"about":[{"href":"https:\/\/blogs.correiobraziliense.com.br\/vicente\/wp-json\/wp\/v2\/types\/post"}],"author":[{"embeddable":true,"href":"https:\/\/blogs.correiobraziliense.com.br\/vicente\/wp-json\/wp\/v2\/users\/22"}],"replies":[{"embeddable":true,"href":"https:\/\/blogs.correiobraziliense.com.br\/vicente\/wp-json\/wp\/v2\/comments?post=5091"}],"version-history":[{"count":1,"href":"https:\/\/blogs.correiobraziliense.com.br\/vicente\/wp-json\/wp\/v2\/posts\/5091\/revisions"}],"predecessor-version":[{"id":5092,"href":"https:\/\/blogs.correiobraziliense.com.br\/vicente\/wp-json\/wp\/v2\/posts\/5091\/revisions\/5092"}],"wp:attachment":[{"href":"https:\/\/blogs.correiobraziliense.com.br\/vicente\/wp-json\/wp\/v2\/media?parent=5091"}],"wp:term":[{"taxonomy":"category","embeddable":true,"href":"https:\/\/blogs.correiobraziliense.com.br\/vicente\/wp-json\/wp\/v2\/categories?post=5091"},{"taxonomy":"post_tag","embeddable":true,"href":"https:\/\/blogs.correiobraziliense.com.br\/vicente\/wp-json\/wp\/v2\/tags?post=5091"}],"curies":[{"name":"wp","href":"https:\/\/api.w.org\/{rel}","templated":true}]}}