{"id":5087,"date":"2017-06-10T06:42:57","date_gmt":"2017-06-10T09:42:57","guid":{"rendered":"https:\/\/blogs.correiobraziliense.com.br\/vicente\/?p=5087"},"modified":"2017-06-10T12:48:38","modified_gmt":"2017-06-10T15:48:38","slug":"coluna-no-correio-hora-de-o-governo-juntar-os-cacos","status":"publish","type":"post","link":"https:\/\/blogs.correiobraziliense.com.br\/vicente\/coluna-no-correio-hora-de-o-governo-juntar-os-cacos\/","title":{"rendered":"Coluna no Correio: Hora de o governo juntar os cacos"},"content":{"rendered":"<p>Com a vit\u00f3ria no Tribunal Superior Eleitoral (TSE), o presidente Michel Temer trata, agora, de juntar o que sobrou de seu governo para garantir a aprova\u00e7\u00e3o das reformas trabalhista e da Previd\u00eancia Social. Ele acredita que, mesmo com a perda de apoio em sua base, conseguir\u00e1 fazer andar projetos que empres\u00e1rios e investidores consideram importantes para a retomada do crescimento. Na avalia\u00e7\u00e3o de Temer, se a economia mantiver o f\u00f4lego, ele ter\u00e1, por volta de setembro, um discurso mais forte para mostrar que tem condi\u00e7\u00f5es de conduzir o pa\u00eds at\u00e9 o fim de 2018.<\/p>\n<p>&nbsp;<\/p>\n<p>Os \u00faltimos quatro dias foram de muita tens\u00e3o e expectativa no Pal\u00e1cio do Planalto. Mas t\u00e3o logo os primeiros tr\u00eas votos contra a cassa\u00e7\u00e3o da chapa Dilma-Temer foram anunciados, o presidente e seus assessores mais pr\u00f3ximos vibraram contra o que classificam de \u201ccampanha s\u00f3rdida\u201d contra o governo. Trata-se de uma vis\u00e3o totalmente distorcida dos fatos, mas Temer e companhia n\u00e3o est\u00e3o nem a\u00ed se a decis\u00e3o do TSE foi leg\u00edtima ou n\u00e3o. O que importa, para eles, \u00e9 que o governo ganhou uma boa sobrevida e tem que correr contra o tempo para reunificar a base no Congresso.<\/p>\n<p>&nbsp;<\/p>\n<p>A determina\u00e7\u00e3o do Planalto \u00e9 para que os ministros saiam a campo e conven\u00e7am as suas bases a aprovar, at\u00e9 o fim do m\u00eas, a reforma trabalhista. Tamb\u00e9m ter\u00e3o que dar impulso \u00e0s mudan\u00e7as no sistema previdenci\u00e1rio, que enfrentam resist\u00eancias enormes entre os partidos governistas. A a\u00e7\u00e3o de convencimento envolver\u00e1 empres\u00e1rios e investidores. Temer vai estreitar os contatos com os donos do dinheiro para tentar induzi-los a tirarem das gavetas projetos que podem mover o Produto Interno Bruto (PIB) e reduzir o desemprego que afeta 14 milh\u00f5es de pessoas.<\/p>\n<p>&nbsp;<\/p>\n<p><strong>De olho no BC<\/strong><\/p>\n<p>&nbsp;<\/p>\n<p>O governo acredita que, mesmo com o crescimento ainda muito lento, tem um grande trunfo nas m\u00e3os: a infla\u00e7\u00e3o em queda. O \u00cdndice de Pre\u00e7os ao Consumidor Amplo (IPCA) acumulado nos 12 meses terminados em maio atingiu 3,60%, o menor n\u00edvel em 10 anos. Ou seja, o custo de vida est\u00e1 0,9 ponto percentual abaixo do centro da meta, de 4,5%, perseguida pelo Banco Central. A meta do governo \u00e9 colar esse feito \u00e0 imagem do governo. A prega\u00e7\u00e3o ser\u00e1 a de que o al\u00edvio no or\u00e7amento das fam\u00edlias s\u00f3 foi poss\u00edvel gra\u00e7as \u00e0 pol\u00edtica econ\u00f4mica respons\u00e1vel.<\/p>\n<p>&nbsp;<\/p>\n<p>O Planalto espera, inclusive, que o BC se engaje a essa empreitada e reveja a postura conservadora que adotou na \u00faltima reuni\u00e3o do Comit\u00ea de Pol\u00edtica Monet\u00e1ria (Copom). A institui\u00e7\u00e3o disse, em seus comunicados oficiais, que, diante da incerteza pol\u00edtica, ser\u00e1 mais cautelosa nos cortes da Selic. Isso significar\u00e1 reduzir o ritmo de redu\u00e7\u00e3o dos juros de um ponto percentual para 0,75 ponto. O governo acredita que, com o TSE garantindo o mandato de Temer, o BC poder\u00e1 mudar o discurso e manter o p\u00e9 no acelerador.<\/p>\n<p>&nbsp;<\/p>\n<p>\u201cOs juros precisam cair mais r\u00e1pido para passarmos confian\u00e7a aos empres\u00e1rios e aos investidores. N\u00e3o h\u00e1 porque o BC se manter t\u00e3o conservador. Do ponto de vista da pol\u00edtica econ\u00f4mica, tudo est\u00e1 caminhando bem. N\u00e3o cabe ao Banco Central fazer alarmismos\u201d, afirma um dos assessores mais pr\u00f3ximos de Temer. Ele garante que n\u00e3o haver\u00e1 nenhum tipo de press\u00e3o sobre a diretoria comandada por Ilan Goldfajn, \u201cat\u00e9 porque o BC tem capacidade t\u00e9cnica para perceber que a infla\u00e7\u00e3o deixou de ser um problema e fechar\u00e1 este ano abaixo do centro da meta\u201d.<\/p>\n<p>&nbsp;<\/p>\n<p><strong>Agito das massas<\/strong><\/p>\n<p>&nbsp;<\/p>\n<p>Do lado de empres\u00e1rios e investidores, a vis\u00e3o \u00e9 de que ainda \u00e9 cedo para comemora\u00e7\u00e3o. De nada adiantar\u00e1 o TSE dar uma vit\u00f3ria a Temer se, dias depois, o PSDB, que tem quatro ministros no governo, decidir sair da base aliada. A press\u00e3o pelo rompimento \u00e9 grande, sobretudo da ala mais jovem do partido. O presidente da Rep\u00fablica acredita que ainda pode conter a rebeli\u00e3o. N\u00e3o por acaso, passou os \u00faltimos dias em contato constante com as lideran\u00e7as tucanas. Temer \u00e9 uma raposa pol\u00edtica, mas tem muitas fragilidades. \u00c9 um dos alvos preferenciais das investiga\u00e7\u00f5es conduzidas pela Pol\u00edcia Federal e pelo Minist\u00e9rio P\u00fablico. E ainda ser\u00e1 alvo de novas den\u00fancias.<\/p>\n<p>&nbsp;<\/p>\n<p>\u201cTemos no\u00e7\u00e3o que v\u00e1rias outras den\u00fancias vir\u00e3o contra o governo. Mas temos musculatura para sobreviver. Depois das \u00faltimas tr\u00eas semanas, quando se acreditou que Temer estava acabado, estamos preparados para tudo\u201d, ressalta um ministro palaciano. \u201cAgora, temos que convencer a nossa base aliada de que estamos vivos e prontos para levar o governo at\u00e9 o fim de 2018. \u00c9 no Congresso que precisamos concentrar todos os esfor\u00e7os\u201d, acrescenta. Ele sabe que a empreitada custar\u00e1 caro. Mas, com a caneta nas m\u00e3os, Temer n\u00e3o est\u00e1 preocupado com a fatura. Entregar\u00e1 o que lhe for pedido em troca de apoio.<\/p>\n<p>&nbsp;<\/p>\n<p>Os pr\u00f3ximos dias ser\u00e3o cruciais para saber at\u00e9 que ponto o governo se fortaleceu. Sem apoio popular, o Congresso ter\u00e1 que dar uma resposta muito r\u00e1pida \u00e0s demandas do Pal\u00e1cio do Planalto. A guerra pela sobreviv\u00eancia est\u00e1 longe de ser vencida. A grande sorte de Temer \u00e9 que a ruas est\u00e3o muito calmas. \u201cSem o agito das massas, fica mais f\u00e1cil atrair apoio pol\u00edtico. Estamos confiantes. Com a decis\u00e3o do TSE, viramos uma p\u00e1gina importante. \u00c9 vida nova\u201d, afirma o mesmo ministro. Vamos ver o que o tempo dir\u00e1. O horizonte continua turbulento. Todo cuidado \u00e9 pouco.<\/p>\n<p>&nbsp;<\/p>\n<p><em>Bras\u00edlia, 06h42min<\/em><\/p>\n","protected":false},"excerpt":{"rendered":"<p>Com a vit\u00f3ria no Tribunal Superior Eleitoral (TSE), o presidente Michel Temer trata, agora, de juntar o que sobrou de seu governo para garantir a aprova\u00e7\u00e3o das reformas trabalhista e da Previd\u00eancia Social. Ele acredita que, mesmo com a perda de apoio em sua base, conseguir\u00e1 fazer andar projetos que empres\u00e1rios e investidores consideram importantes [&hellip;]<\/p>\n","protected":false},"author":22,"featured_media":0,"comment_status":"open","ping_status":"closed","sticky":false,"template":"","format":"standard","meta":{"footnotes":""},"categories":[600],"tags":[107,111,1820,1036,1217],"class_list":["post-5087","post","type-post","status-publish","format-standard","hentry","category-economia","tag-ilan-goldfajn","tag-michel-temer","tag-psdb","tag-tribunal-superior-eleitoral","tag-tse"],"_links":{"self":[{"href":"https:\/\/blogs.correiobraziliense.com.br\/vicente\/wp-json\/wp\/v2\/posts\/5087","targetHints":{"allow":["GET"]}}],"collection":[{"href":"https:\/\/blogs.correiobraziliense.com.br\/vicente\/wp-json\/wp\/v2\/posts"}],"about":[{"href":"https:\/\/blogs.correiobraziliense.com.br\/vicente\/wp-json\/wp\/v2\/types\/post"}],"author":[{"embeddable":true,"href":"https:\/\/blogs.correiobraziliense.com.br\/vicente\/wp-json\/wp\/v2\/users\/22"}],"replies":[{"embeddable":true,"href":"https:\/\/blogs.correiobraziliense.com.br\/vicente\/wp-json\/wp\/v2\/comments?post=5087"}],"version-history":[{"count":1,"href":"https:\/\/blogs.correiobraziliense.com.br\/vicente\/wp-json\/wp\/v2\/posts\/5087\/revisions"}],"predecessor-version":[{"id":5088,"href":"https:\/\/blogs.correiobraziliense.com.br\/vicente\/wp-json\/wp\/v2\/posts\/5087\/revisions\/5088"}],"wp:attachment":[{"href":"https:\/\/blogs.correiobraziliense.com.br\/vicente\/wp-json\/wp\/v2\/media?parent=5087"}],"wp:term":[{"taxonomy":"category","embeddable":true,"href":"https:\/\/blogs.correiobraziliense.com.br\/vicente\/wp-json\/wp\/v2\/categories?post=5087"},{"taxonomy":"post_tag","embeddable":true,"href":"https:\/\/blogs.correiobraziliense.com.br\/vicente\/wp-json\/wp\/v2\/tags?post=5087"}],"curies":[{"name":"wp","href":"https:\/\/api.w.org\/{rel}","templated":true}]}}