{"id":5083,"date":"2017-06-09T18:01:16","date_gmt":"2017-06-09T21:01:16","guid":{"rendered":"https:\/\/blogs.correiobraziliense.com.br\/vicente\/?p=5083"},"modified":"2017-06-09T18:43:09","modified_gmt":"2017-06-09T21:43:09","slug":"kassab-me-ofereceu-cargos-nos-correios-mas-nao-quero-nada","status":"publish","type":"post","link":"https:\/\/blogs.correiobraziliense.com.br\/vicente\/kassab-me-ofereceu-cargos-nos-correios-mas-nao-quero-nada\/","title":{"rendered":"&#8220;Kassab me ofereceu cargos nos Correios, mas n\u00e3o quero nada&#8221;"},"content":{"rendered":"<p>O senador Otto Alencar (PSD-BA) diz ao <strong>Blog<\/strong> que o ministro das Comunica\u00e7\u00f5es, Gilberto Kassab, lhe ofereceu cargos nos Correios, inclusive uma vice-presid\u00eancia, mas n\u00e3o aceitou indicar ningu\u00e9m para as fun\u00e7\u00f5es.<\/p>\n<p>&nbsp;<\/p>\n<p>Ele conta que, logo depois da aprova\u00e7\u00e3o da lei de estatais, que definiu um perfil t\u00e9cnico para os cargos de gest\u00e3o nas empresas, o ministro o procurou, alegando que n\u00e3o encontrava ningu\u00e9m com capacita\u00e7\u00e3o t\u00e9cnica e dentro das condi\u00e7\u00f5es da lei para indicar para os Correios. &#8220;Kassab me ofereceu cargos, mas n\u00e3o indiquei ningu\u00e9m. N\u00e3o quero nada&#8221;, afirma.<\/p>\n<p>&nbsp;<\/p>\n<p>Enf\u00e1tico, o senador ressalta que, apesar de o seu partido estar na base aliada do governo, ele faz oposi\u00e7\u00e3o ao presidente Michel Temer. &#8220;Votei contra o impeachment de Dilma Rousseff e sou contra as reformas trabalhista e da Previd\u00eancia&#8221;, assinala. Portanto, segundo ele, n\u00e3o h\u00e1 como o governo coopt\u00e1-lo por meio de doa\u00e7\u00f5es de cargos em estatais. &#8220;N\u00e3o me entrego por nenhum carguinho&#8221;, afirma.<\/p>\n<p>&nbsp;<\/p>\n<p>Alencar destaca ainda que, quando foi presidente da Comiss\u00e3o de Controle e Fiscaliza\u00e7\u00e3o do Senado, pediu, diversas vezes, a fiscaliza\u00e7\u00e3o nos Correios e no Postalis, o fundo de pens\u00e3o dos empregados da companhia, &#8220;v\u00edtimas de uma s\u00e9rie de irregularidades&#8221;. O senador acrescenta que sempre foi contra o uso pol\u00edtico de estatais em troca de votos no Congresso.<\/p>\n<p>&nbsp;<\/p>\n<p>Ele diz tamb\u00e9m que n\u00e3o tem qualquer liga\u00e7\u00e3o com a Voetur e que nunca entrou com qualquer a\u00e7\u00e3o contra os Correios no Tribunal de Contas da Uni\u00e3o (TCU). &#8220;O que sempre fiz foi tentar proteger a empresa e o fundo de pens\u00e3o de seus empregados. Inclusive, pedi ao TCU uma auditoria no Postalis&#8221;, assegura. O parlamentar destaca que, em toda a sua vida p\u00fablica, nunca foi processado ou denunciado.<\/p>\n<p>&nbsp;<\/p>\n<p>O senador diz que continuar\u00e1 fazendo oposi\u00e7\u00e3o ao governo, independentemente de o seu partido estar ao lado do presidente Temer. &#8220;Tenho uma boa rela\u00e7\u00e3o com o ministro Kassab, mas, na Bahia, estou aliado ao PT. Sou contra as reformas e continuarei a ser&#8221;, avisa.<\/p>\n<p>&nbsp;<\/p>\n<p><em>Bras\u00edlia, 18h01min<\/em><\/p>\n","protected":false},"excerpt":{"rendered":"<p>O senador Otto Alencar (PSD-BA) diz ao Blog que o ministro das Comunica\u00e7\u00f5es, Gilberto Kassab, lhe ofereceu cargos nos Correios, inclusive uma vice-presid\u00eancia, mas n\u00e3o aceitou indicar ningu\u00e9m para as fun\u00e7\u00f5es. &nbsp; Ele conta que, logo depois da aprova\u00e7\u00e3o da lei de estatais, que definiu um perfil t\u00e9cnico para os cargos de gest\u00e3o nas empresas, [&hellip;]<\/p>\n","protected":false},"author":22,"featured_media":0,"comment_status":"open","ping_status":"closed","sticky":false,"template":"","format":"standard","meta":{"footnotes":""},"categories":[600],"tags":[1363,642,1881,2324,50],"class_list":["post-5083","post","type-post","status-publish","format-standard","hentry","category-economia","tag-correios","tag-gilberto-kassab","tag-lei-das-estatais","tag-otto-alencar","tag-tcu"],"_links":{"self":[{"href":"https:\/\/blogs.correiobraziliense.com.br\/vicente\/wp-json\/wp\/v2\/posts\/5083","targetHints":{"allow":["GET"]}}],"collection":[{"href":"https:\/\/blogs.correiobraziliense.com.br\/vicente\/wp-json\/wp\/v2\/posts"}],"about":[{"href":"https:\/\/blogs.correiobraziliense.com.br\/vicente\/wp-json\/wp\/v2\/types\/post"}],"author":[{"embeddable":true,"href":"https:\/\/blogs.correiobraziliense.com.br\/vicente\/wp-json\/wp\/v2\/users\/22"}],"replies":[{"embeddable":true,"href":"https:\/\/blogs.correiobraziliense.com.br\/vicente\/wp-json\/wp\/v2\/comments?post=5083"}],"version-history":[{"count":3,"href":"https:\/\/blogs.correiobraziliense.com.br\/vicente\/wp-json\/wp\/v2\/posts\/5083\/revisions"}],"predecessor-version":[{"id":5086,"href":"https:\/\/blogs.correiobraziliense.com.br\/vicente\/wp-json\/wp\/v2\/posts\/5083\/revisions\/5086"}],"wp:attachment":[{"href":"https:\/\/blogs.correiobraziliense.com.br\/vicente\/wp-json\/wp\/v2\/media?parent=5083"}],"wp:term":[{"taxonomy":"category","embeddable":true,"href":"https:\/\/blogs.correiobraziliense.com.br\/vicente\/wp-json\/wp\/v2\/categories?post=5083"},{"taxonomy":"post_tag","embeddable":true,"href":"https:\/\/blogs.correiobraziliense.com.br\/vicente\/wp-json\/wp\/v2\/tags?post=5083"}],"curies":[{"name":"wp","href":"https:\/\/api.w.org\/{rel}","templated":true}]}}