{"id":5074,"date":"2017-06-09T06:30:56","date_gmt":"2017-06-09T09:30:56","guid":{"rendered":"https:\/\/blogs.correiobraziliense.com.br\/vicente\/?p=5074"},"modified":"2017-06-09T08:46:39","modified_gmt":"2017-06-09T11:46:39","slug":"equipe-economica-preve-turbulencias-mesmo-que-tse-mantenha-temer","status":"publish","type":"post","link":"https:\/\/blogs.correiobraziliense.com.br\/vicente\/equipe-economica-preve-turbulencias-mesmo-que-tse-mantenha-temer\/","title":{"rendered":"Equipe econ\u00f4mica prev\u00ea turbul\u00eancias mesmo que TSE mantenha Temer"},"content":{"rendered":"<p>A equipe econ\u00f4mica est\u00e1 tentando segurar a confian\u00e7a de empres\u00e1rios e investidores no gog\u00f3, mas sabe que n\u00e3o ser\u00e1 f\u00e1cil a travessia nos pr\u00f3ximos meses, mesmo que o Tribunal Superior Eleitoral (TSE) opte por manter o mandato de Michel Temer \u2014 o que parecia bastante prov\u00e1vel at\u00e9 ontem. A perspectiva \u00e9 de que o governo seja atingido por novas den\u00fancias, fragilizando ainda mais a base pol\u00edtica que, at\u00e9 agora, vem conseguindo manter Temer no poder. Fosse o presidente hostil ao Congresso como era Dilma Rousseff, ele j\u00e1 teria ca\u00eddo.<\/p>\n<p>Tanto o Minist\u00e9rio da Fazenda quanto o do Planejamento t\u00eam n\u00fameros que ainda sustentam o discurso de que a economia, mesmo de forma t\u00edmida, est\u00e1 se recuperando. Os t\u00e9cnicos das duas equipes reconhecem que o baque provocado pelas dela\u00e7\u00f5es dos irm\u00e3os Joesley e Wesley Batista, do grupo JBS, foi grande, mas o humor dos agentes econ\u00f4micos n\u00e3o foi totalmente contaminado pelo pessimismo. Boa parte dos empres\u00e1rios e dos investidores acredita que ainda \u00e9 poss\u00edvel segurar o tranco do crescimento e impedir que o pa\u00eds mergulhe novamente na recess\u00e3o.<\/p>\n<p>Na vis\u00e3o de t\u00e9cnicos do governo, diante da for\u00e7a dos canh\u00f5es disparados contra Temer, j\u00e1 era para a bolsa de valores ter voltado aos 50 mil pontos e para o d\u00f3lar estar rodando pr\u00f3ximo dos R$ 3,50. Contudo, mesmo capengando, o Ibovespa, principal \u00edndice de lucratividade da Bolsa de Valores de S\u00e3o Paulo, se mant\u00e9m acima dos 60 mil pontos e a moeda norte-americana, girando na casa dos R$ 3,25. \u201cEstamos diante da possibilidade de mais um presidente ser deposto, mas n\u00e3o vemos p\u00e2nico nos mercados. Isso mostra que h\u00e1 uma certa confian\u00e7a em fundamentos mais s\u00f3lidos da economia\u201d,  diz um dos t\u00e9cnicos.<\/p>\n<p>Reforma trabalhista<\/p>\n<p>Dentro do governo, pelo menos entre o pessoal menos afeito \u00e0 pol\u00edtica, muitos j\u00e1 se dar\u00e3o por satisfeitos se o Congresso aprovar a reforma trabalhista ainda neste m\u00eas. Essa tamb\u00e9m \u00e9 a percep\u00e7\u00e3o entre os empres\u00e1rios. Ainda que eles reconhe\u00e7am os impactos positivos da reforma da Previd\u00eancia para as contas p\u00fablicas e a garantia da solv\u00eancia do pa\u00eds, est\u00e3o mais focados no curto prazo. Para o empresariado, as mudan\u00e7as na lei que rege o mercado de trabalho ter\u00e3o efeitos quase que imediatos na economia, pois haver\u00e1 uma revolu\u00e7\u00e3o nas negocia\u00e7\u00f5es entre empregados e patr\u00f5es. \u00c9 o que importa agora.<\/p>\n<p>\u201cVamos ser sinceros: qualquer conquista do governo no Congresso neste momento ser\u00e1 motivo de comemora\u00e7\u00e3o. O ideal seria que todo o planejamento feito at\u00e9 17 de maio, quando estourou as dela\u00e7\u00f5es dos donos da JBS, fosse mantido. Mas tudo virou de cabe\u00e7a para baixo. Se conseguirmos a reforma trabalhista, j\u00e1 nos daremos por satisfeitos\u201d, diz um ministro que tem dado um bom suporte a Temer. Na avalia\u00e7\u00e3o dele, o importante \u00e9 o governo convencer os agentes econ\u00f4micos de que o ajuste fiscal ser\u00e1 perseguido independentemente da aprova\u00e7\u00e3o ou n\u00e3o da reforma da Previd\u00eancia.<\/p>\n<p>O discurso est\u00e1 pronto no caso de adiamento das mudan\u00e7as no sistema previdenci\u00e1rio. A d\u00edvida p\u00fablica n\u00e3o explodir\u00e1, o Brasil n\u00e3o dar\u00e1 calote, h\u00e1 um teto de gastos que impede qualquer loucura nas finan\u00e7as do pa\u00eds e a equipe econ\u00f4mica continuar\u00e1 no governo mesmo que Temer caia.  \u201cDeixaremos claro, por\u00e9m, que a retomada do crescimento ser\u00e1 mais lenta\u201d, acrescenta o mesmo ministro. O d\u00f3lar, que podia estar abaixo de R$ 3, ficar\u00e1 mais caro. A taxa b\u00e1sica de juros (Selic), que testaria os 7%, cair\u00e1 bem menos. Ser\u00e1 a fatura a ser arcada pela economia.<\/p>\n<p>Pragmatismo<\/p>\n<p>Apesar do conformismo, a equipe econ\u00f4mica lamenta o fato de o Brasil n\u00e3o poder tirar proveito das condi\u00e7\u00f5es mais favor\u00e1veis oferecidas pelo mundo. Como os Estados Unidos crescer\u00e3o menos que o previsto, os juros subir\u00e3o mais lentamente, mantendo recursos em pa\u00edses emergentes como o Brasil. A desacelera\u00e7\u00e3o da China, por sua vez, foi menor do que muitos temiam, mantendo os pre\u00e7os das commodities em patamares que favorecem os exportadores brasileiros. \u201cEnfim, em outra circunst\u00e2ncia, sem uma crise pol\u00edtica t\u00e3o grave, o pa\u00eds estaria come\u00e7ando a surfar e a reforma da Previd\u00eancia seria mais f\u00e1cil de ser aprovada\u201d, afirma um t\u00e9cnico.<\/p>\n<p>Ele chama a aten\u00e7\u00e3o ainda para a disposi\u00e7\u00e3o dos estrangeiros de encarar o risco Brasil. Os gringos n\u00e3o veem possibilidade de quebradeira no sistema financeiro, mesmo com um poss\u00edvel calote da JBS, nem o abandono da Fazenda por Meirelles e do Banco Central por Ilan Goldfajn. Na ponta do l\u00e1pis, os investidores de fora acreditam que os juros reais (que descontam a infla\u00e7\u00e3o) na casa de 6% ao ano compensam o estresse provocado pela pol\u00edtica. Eles n\u00e3o conseguem esse ganho em nenhum pa\u00eds emergente com situa\u00e7\u00e3o fiscal melhor, como, por exemplo, o Chile. N\u00e3o veem tamb\u00e9m perspectiva de crescimento como a sinalizada pelo Brasil quando as reformas sa\u00edrem e os projetos de infraestrutura se tornarem realidade.<\/p>\n<p>Para os estrangeiros, se a reforma da Previd\u00eancia n\u00e3o sair neste governo, vir\u00e1 no pr\u00f3ximo, a partir de 2019. As regras aprovadas, certamente, ser\u00e3o mais duras para os trabalhadores. Mas ser\u00e1 o pre\u00e7o a pagar. Esse pragmatismo, por\u00e9m, assusta. O Brasil se tornou uma montanha-russa sustentada em um castelo de areia. A ru\u00edna sempre \u00e9 uma possibilidade real.<\/p>\n<p>Bras\u00edlia, 06h30min<\/p>\n","protected":false},"excerpt":{"rendered":"<p>A equipe econ\u00f4mica est\u00e1 tentando segurar a confian\u00e7a de empres\u00e1rios e investidores no gog\u00f3, mas sabe que n\u00e3o ser\u00e1 f\u00e1cil a travessia nos pr\u00f3ximos meses, mesmo que o Tribunal Superior Eleitoral (TSE) opte por manter o mandato de Michel Temer \u2014 o que parecia bastante prov\u00e1vel at\u00e9 ontem. A perspectiva \u00e9 de que o governo [&hellip;]<\/p>\n","protected":false},"author":22,"featured_media":0,"comment_status":"open","ping_status":"closed","sticky":false,"template":"","format":"standard","meta":{"footnotes":""},"categories":[600],"tags":[2319,360,14,4,111,31,1217],"class_list":["post-5074","post","type-post","status-publish","format-standard","hentry","category-economia","tag-dificuldades","tag-equipe-economica","tag-inflacao","tag-juros","tag-michel-temer","tag-recessao","tag-tse"],"_links":{"self":[{"href":"https:\/\/blogs.correiobraziliense.com.br\/vicente\/wp-json\/wp\/v2\/posts\/5074","targetHints":{"allow":["GET"]}}],"collection":[{"href":"https:\/\/blogs.correiobraziliense.com.br\/vicente\/wp-json\/wp\/v2\/posts"}],"about":[{"href":"https:\/\/blogs.correiobraziliense.com.br\/vicente\/wp-json\/wp\/v2\/types\/post"}],"author":[{"embeddable":true,"href":"https:\/\/blogs.correiobraziliense.com.br\/vicente\/wp-json\/wp\/v2\/users\/22"}],"replies":[{"embeddable":true,"href":"https:\/\/blogs.correiobraziliense.com.br\/vicente\/wp-json\/wp\/v2\/comments?post=5074"}],"version-history":[{"count":1,"href":"https:\/\/blogs.correiobraziliense.com.br\/vicente\/wp-json\/wp\/v2\/posts\/5074\/revisions"}],"predecessor-version":[{"id":5075,"href":"https:\/\/blogs.correiobraziliense.com.br\/vicente\/wp-json\/wp\/v2\/posts\/5074\/revisions\/5075"}],"wp:attachment":[{"href":"https:\/\/blogs.correiobraziliense.com.br\/vicente\/wp-json\/wp\/v2\/media?parent=5074"}],"wp:term":[{"taxonomy":"category","embeddable":true,"href":"https:\/\/blogs.correiobraziliense.com.br\/vicente\/wp-json\/wp\/v2\/categories?post=5074"},{"taxonomy":"post_tag","embeddable":true,"href":"https:\/\/blogs.correiobraziliense.com.br\/vicente\/wp-json\/wp\/v2\/tags?post=5074"}],"curies":[{"name":"wp","href":"https:\/\/api.w.org\/{rel}","templated":true}]}}