{"id":5072,"date":"2017-06-07T21:09:44","date_gmt":"2017-06-08T00:09:44","guid":{"rendered":"https:\/\/blogs.correiobraziliense.com.br\/vicente\/?p=5072"},"modified":"2017-06-07T22:44:34","modified_gmt":"2017-06-08T01:44:34","slug":"bc-ja-se-prepara-para-delacoes-de-bancos-denunciados-por-palocci","status":"publish","type":"post","link":"https:\/\/blogs.correiobraziliense.com.br\/vicente\/bc-ja-se-prepara-para-delacoes-de-bancos-denunciados-por-palocci\/","title":{"rendered":"BC j\u00e1 se prepara para dela\u00e7\u00f5es de bancos denunciados por Palocci"},"content":{"rendered":"<p>O Banco Central e a Comiss\u00e3o de Valores Mobili\u00e1rios (CVM) j\u00e1 se preparam para poss\u00edveis dela\u00e7\u00f5es e acordos de leni\u00eancia com institui\u00e7\u00f5es financeiras que venham a ser denunciados por Antonio Palocci, ex-ministro da Fazenda e da Casa Civil. O petista fez uma s\u00e9rie de revela\u00e7\u00f5es \u00e0 Justica, em depoimentos que j\u00e1 somam 12 anexos.<\/p>\n<p>Sabe-se que um dos alvos principais das dela\u00e7\u00f5es de Palocci ser\u00e3o bancos. Fala-se, entre os investigadores, do BTG Pactual e do BMG, esse com estreitas rela\u00e7\u00f5es com Paulo Bernardo, ex-ministro do Planejamento. N\u00e3o \u00e0 toa, o mercado financeiro est\u00e1 em estado de alerta em rela\u00e7\u00e3o ao que Palocci delatar\u00e1.<\/p>\n<p>Para se antecipar \u00e0s dela\u00e7\u00f5es do ex-ministro da Fazenda e da Casa Civil e dar mais instrumentos ao BC e \u00e0 CVM, o governo editou, nesta quarta-feira, 7 de junho, uma medida provis\u00f3ria que amplia os poderes punitivos dos dois \u00f3rg\u00e3os reguladores e fiscalizadores. A MP cria a figura do acordo de leni\u00eancia nos processos administrativos conduzidos pelo BC. <\/p>\n<p>Os acordos de dela\u00e7\u00e3o premiada ou de leni\u00eancia com o BC cont\u00eam regras mais r\u00edgidas que os fechados com a Justi\u00e7a no \u00e2mbito da Opera\u00e7\u00e3o Lava-Jato. O banco investigado ter\u00e1 que entregar todos os envolvidos em fraudes, antecipar-se \u00e0s apura\u00e7\u00f5es dos fatos e entregar provas robustas para comprovar fraudes e esquemas de corrup\u00e7\u00e3o.<\/p>\n<p>A MP tamb\u00e9m prev\u00ea aumento dos valores das multas cobradas pelo BC e pela CVM em fraudes no sistema financeiro. No caso dos processos conduzidos pela autoridade monet\u00e1ria, a multa passar\u00e1 de R$ 250 mil para at\u00e9 R$ 2 bilh\u00f5es. Nos processos da CVM, que atua no mercado de capitais, a multa m\u00e1xima ser\u00e1 de R$ 500 milh\u00f5es. <\/p>\n<p>Por sinal, a CVM abriu uma dezena de processos contra o grupo JBS, por fraudes no mercado de capitais. O BC investiga a\u00e7\u00f5es irregulares do grupo pertencente aos irm\u00e3os Joesley e Wesley Batista no mercado de c\u00e2mbio. Eles teriam lucrado quase R$ 600 milh\u00f5es em opera\u00e7\u00f5es financeiras com as dela\u00e7\u00f5es que arrasaram o governo de Michel Temer.<\/p>\n<p>Bras\u00edlia, 21h09min<\/p>\n","protected":false},"excerpt":{"rendered":"<p>O Banco Central e a Comiss\u00e3o de Valores Mobili\u00e1rios (CVM) j\u00e1 se preparam para poss\u00edveis dela\u00e7\u00f5es e acordos de leni\u00eancia com institui\u00e7\u00f5es financeiras que venham a ser denunciados por Antonio Palocci, ex-ministro da Fazenda e da Casa Civil. O petista fez uma s\u00e9rie de revela\u00e7\u00f5es \u00e0 Justica, em depoimentos que j\u00e1 somam 12 anexos. Sabe-se [&hellip;]<\/p>\n","protected":false},"author":22,"featured_media":0,"comment_status":"open","ping_status":"closed","sticky":false,"template":"","format":"standard","meta":{"footnotes":""},"categories":[600],"tags":[2318,479,3,200,1951,833],"class_list":["post-5072","post","type-post","status-publish","format-standard","hentry","category-economia","tag-acordos-de-leniencia","tag-antonio-palocci","tag-banco-central","tag-cvm","tag-delacoes","tag-multas"],"_links":{"self":[{"href":"https:\/\/blogs.correiobraziliense.com.br\/vicente\/wp-json\/wp\/v2\/posts\/5072","targetHints":{"allow":["GET"]}}],"collection":[{"href":"https:\/\/blogs.correiobraziliense.com.br\/vicente\/wp-json\/wp\/v2\/posts"}],"about":[{"href":"https:\/\/blogs.correiobraziliense.com.br\/vicente\/wp-json\/wp\/v2\/types\/post"}],"author":[{"embeddable":true,"href":"https:\/\/blogs.correiobraziliense.com.br\/vicente\/wp-json\/wp\/v2\/users\/22"}],"replies":[{"embeddable":true,"href":"https:\/\/blogs.correiobraziliense.com.br\/vicente\/wp-json\/wp\/v2\/comments?post=5072"}],"version-history":[{"count":1,"href":"https:\/\/blogs.correiobraziliense.com.br\/vicente\/wp-json\/wp\/v2\/posts\/5072\/revisions"}],"predecessor-version":[{"id":5073,"href":"https:\/\/blogs.correiobraziliense.com.br\/vicente\/wp-json\/wp\/v2\/posts\/5072\/revisions\/5073"}],"wp:attachment":[{"href":"https:\/\/blogs.correiobraziliense.com.br\/vicente\/wp-json\/wp\/v2\/media?parent=5072"}],"wp:term":[{"taxonomy":"category","embeddable":true,"href":"https:\/\/blogs.correiobraziliense.com.br\/vicente\/wp-json\/wp\/v2\/categories?post=5072"},{"taxonomy":"post_tag","embeddable":true,"href":"https:\/\/blogs.correiobraziliense.com.br\/vicente\/wp-json\/wp\/v2\/tags?post=5072"}],"curies":[{"name":"wp","href":"https:\/\/api.w.org\/{rel}","templated":true}]}}