{"id":5060,"date":"2017-06-07T17:00:26","date_gmt":"2017-06-07T20:00:26","guid":{"rendered":"https:\/\/blogs.correiobraziliense.com.br\/vicente\/?p=5060"},"modified":"2017-06-07T17:02:24","modified_gmt":"2017-06-07T20:02:24","slug":"psdb-adia-reuniao-da-executiva-nacional-para-segunda-espera-do-tse","status":"publish","type":"post","link":"https:\/\/blogs.correiobraziliense.com.br\/vicente\/psdb-adia-reuniao-da-executiva-nacional-para-segunda-espera-do-tse\/","title":{"rendered":"PSDB adia reuni\u00e3o da executiva nacional para segunda, \u00e0 espera do TSE"},"content":{"rendered":"<p>POR ANTONIO TEM\u00d3TEO<\/p>\n<p>&nbsp;<\/p>\n<p>O PSDB adiou para \u00e0s 17h de segunda-feira, dia 12 de junho, a reuni\u00e3o da executiva nacional. Os integrantes do partido se reunir\u00e3o na sede da agremia\u00e7\u00e3o, na quadra 607 da Asa Sul. Internamente, os tucanos avaliaram que seria melhor esperar uma decis\u00e3o do Tribunal Superior Eleitoral (TSE), que julga a cassa\u00e7\u00e3o da chapa Dilma-Temer, antes de deliberar sobre o desembarque do governo.<\/p>\n<p>&nbsp;<\/p>\n<p>A medida faz parte da estrat\u00e9gia do Pal\u00e1cio do Planalto de resolver todos os problemas de curto prazo para que n\u00e3o acumule esqueletos no arm\u00e1rio. A mudan\u00e7a da data da reuni\u00e3o envolveu articula\u00e7\u00e3o dos principais auxiliares de Temer, que quer manter o apoio das principais legendas para conseguir se manter no cargo e com isso aprovar reformas, mesmo que desidratadas.<\/p>\n","protected":false},"excerpt":{"rendered":"<p>POR ANTONIO TEM\u00d3TEO &nbsp; O PSDB adiou para \u00e0s 17h de segunda-feira, dia 12 de junho, a reuni\u00e3o da executiva nacional. Os integrantes do partido se reunir\u00e3o na sede da agremia\u00e7\u00e3o, na quadra 607 da Asa Sul. Internamente, os tucanos avaliaram que seria melhor esperar uma decis\u00e3o do Tribunal Superior Eleitoral (TSE), que julga a [&hellip;]<\/p>\n","protected":false},"author":22,"featured_media":0,"comment_status":"open","ping_status":"closed","sticky":false,"template":"","format":"standard","meta":{"footnotes":""},"categories":[600],"tags":[2314,1820],"class_list":["post-5060","post","type-post","status-publish","format-standard","hentry","category-economia","tag-executiva-nacional","tag-psdb"],"_links":{"self":[{"href":"https:\/\/blogs.correiobraziliense.com.br\/vicente\/wp-json\/wp\/v2\/posts\/5060","targetHints":{"allow":["GET"]}}],"collection":[{"href":"https:\/\/blogs.correiobraziliense.com.br\/vicente\/wp-json\/wp\/v2\/posts"}],"about":[{"href":"https:\/\/blogs.correiobraziliense.com.br\/vicente\/wp-json\/wp\/v2\/types\/post"}],"author":[{"embeddable":true,"href":"https:\/\/blogs.correiobraziliense.com.br\/vicente\/wp-json\/wp\/v2\/users\/22"}],"replies":[{"embeddable":true,"href":"https:\/\/blogs.correiobraziliense.com.br\/vicente\/wp-json\/wp\/v2\/comments?post=5060"}],"version-history":[{"count":3,"href":"https:\/\/blogs.correiobraziliense.com.br\/vicente\/wp-json\/wp\/v2\/posts\/5060\/revisions"}],"predecessor-version":[{"id":5063,"href":"https:\/\/blogs.correiobraziliense.com.br\/vicente\/wp-json\/wp\/v2\/posts\/5060\/revisions\/5063"}],"wp:attachment":[{"href":"https:\/\/blogs.correiobraziliense.com.br\/vicente\/wp-json\/wp\/v2\/media?parent=5060"}],"wp:term":[{"taxonomy":"category","embeddable":true,"href":"https:\/\/blogs.correiobraziliense.com.br\/vicente\/wp-json\/wp\/v2\/categories?post=5060"},{"taxonomy":"post_tag","embeddable":true,"href":"https:\/\/blogs.correiobraziliense.com.br\/vicente\/wp-json\/wp\/v2\/tags?post=5060"}],"curies":[{"name":"wp","href":"https:\/\/api.w.org\/{rel}","templated":true}]}}