{"id":5058,"date":"2017-06-07T16:46:29","date_gmt":"2017-06-07T19:46:29","guid":{"rendered":"https:\/\/blogs.correiobraziliense.com.br\/vicente\/?p=5058"},"modified":"2017-06-07T16:46:29","modified_gmt":"2017-06-07T19:46:29","slug":"meirelles-entra-no-twitter-e-faz-campanha-pelo-brasil","status":"publish","type":"post","link":"https:\/\/blogs.correiobraziliense.com.br\/vicente\/meirelles-entra-no-twitter-e-faz-campanha-pelo-brasil\/","title":{"rendered":"Meirelles entra no Twitter e faz campanha pelo Brasil"},"content":{"rendered":"<p>POR ROSANA HESSEL<\/p>\n<p>&nbsp;<\/p>\n<p>O ministro da Fazenda, Henrique Meirelles, criou uma conta no migroblog Twitter e, em duas horas, conseguiu 3.970 seguidores e virou trend topic nacional, em nono lugar, com 1.738 cita\u00e7\u00f5es. O ministro \u00e9 um dos nomes cotados pelo mercado para substituir o presidente Michel Temer, caso ele tenha o mandato cassado pelo Tribunal Superior Eleitoral (TSE) que retomou ontem o julgamento da chapa Dilma-Temer e deve se estender at\u00e9 s\u00e1bado.<\/p>\n<p>&nbsp;<\/p>\n<p>&nbsp;<\/p>\n<p>Em seu primeiro post, o ministro disse: \u201c Boa tarde, meu nome \u00e9 Henrique Meirelles e este \u00e9 o meu perfil no Twitter. Pretendo usar este espa\u00e7o para debater os rumos do Brasil\u201d. E, logo em seguida, ele avisou que estava fora do pa\u00eds: \u201cEstou em Paris, representando o Brasil na reuni\u00e3o ministerial da #OCDE (Organiza\u00e7\u00e3o para a Coopera\u00e7\u00e3o e Desenvolvimento Econ\u00f4mico)\u201d.<\/p>\n<p>&nbsp;<\/p>\n<p>&nbsp;<\/p>\n<p>Meirelles est\u00e1 participando do encontro ministerial da OCDE, que acaba de soltar um relat\u00f3rio prevendo crescimento de 0,7% do Produto Interno Bruto (PIB), taxa mais otimista do que a do governo brasileiro, de 0,5%, que foi revisada em mar\u00e7o. No entanto, para 2018, a organiza\u00e7\u00e3o \u00e9 mais pessimista que a equipe econ\u00f4mica, pois estima expans\u00e3o de 1,6% contra os 2,5% previstos pelo governo.<\/p>\n<p>&nbsp;<\/p>\n<p>&nbsp;<\/p>\n<p>O ministro disse ainda que a candidatura do Brasil para ser membro da OCDE \u201cest\u00e1 sendo muito bem recebida\u201d. Segundo ele, a entrada do pa\u00eds na organiza\u00e7\u00e3o faz parte da agenda de reformas do governo.<\/p>\n<p>&nbsp;<\/p>\n","protected":false},"excerpt":{"rendered":"<p>POR ROSANA HESSEL &nbsp; O ministro da Fazenda, Henrique Meirelles, criou uma conta no migroblog Twitter e, em duas horas, conseguiu 3.970 seguidores e virou trend topic nacional, em nono lugar, com 1.738 cita\u00e7\u00f5es. O ministro \u00e9 um dos nomes cotados pelo mercado para substituir o presidente Michel Temer, caso ele tenha o mandato cassado [&hellip;]<\/p>\n","protected":false},"author":22,"featured_media":0,"comment_status":"open","ping_status":"closed","sticky":false,"template":"","format":"standard","meta":{"footnotes":""},"categories":[600],"tags":[378,21,19,2240,2313],"class_list":["post-5058","post","type-post","status-publish","format-standard","hentry","category-economia","tag-brasil","tag-henrique-meirelles","tag-ministerio-da-fazenda","tag-ocde","tag-twitter"],"_links":{"self":[{"href":"https:\/\/blogs.correiobraziliense.com.br\/vicente\/wp-json\/wp\/v2\/posts\/5058","targetHints":{"allow":["GET"]}}],"collection":[{"href":"https:\/\/blogs.correiobraziliense.com.br\/vicente\/wp-json\/wp\/v2\/posts"}],"about":[{"href":"https:\/\/blogs.correiobraziliense.com.br\/vicente\/wp-json\/wp\/v2\/types\/post"}],"author":[{"embeddable":true,"href":"https:\/\/blogs.correiobraziliense.com.br\/vicente\/wp-json\/wp\/v2\/users\/22"}],"replies":[{"embeddable":true,"href":"https:\/\/blogs.correiobraziliense.com.br\/vicente\/wp-json\/wp\/v2\/comments?post=5058"}],"version-history":[{"count":1,"href":"https:\/\/blogs.correiobraziliense.com.br\/vicente\/wp-json\/wp\/v2\/posts\/5058\/revisions"}],"predecessor-version":[{"id":5059,"href":"https:\/\/blogs.correiobraziliense.com.br\/vicente\/wp-json\/wp\/v2\/posts\/5058\/revisions\/5059"}],"wp:attachment":[{"href":"https:\/\/blogs.correiobraziliense.com.br\/vicente\/wp-json\/wp\/v2\/media?parent=5058"}],"wp:term":[{"taxonomy":"category","embeddable":true,"href":"https:\/\/blogs.correiobraziliense.com.br\/vicente\/wp-json\/wp\/v2\/categories?post=5058"},{"taxonomy":"post_tag","embeddable":true,"href":"https:\/\/blogs.correiobraziliense.com.br\/vicente\/wp-json\/wp\/v2\/tags?post=5058"}],"curies":[{"name":"wp","href":"https:\/\/api.w.org\/{rel}","templated":true}]}}