{"id":5050,"date":"2017-06-07T11:12:59","date_gmt":"2017-06-07T14:12:59","guid":{"rendered":"https:\/\/blogs.correiobraziliense.com.br\/vicente\/?p=5050"},"modified":"2017-06-07T11:12:59","modified_gmt":"2017-06-07T14:12:59","slug":"crises-politica-economica-e-juridica","status":"publish","type":"post","link":"https:\/\/blogs.correiobraziliense.com.br\/vicente\/crises-politica-economica-e-juridica\/","title":{"rendered":"Crises pol\u00edtica, econ\u00f4mica e jur\u00eddica"},"content":{"rendered":"<p>POR ANTONIO TEM\u00d3TEO<\/p>\n<h2><\/h2>\n<h2 class=\"p1\">Investir no Brasil n\u00e3o \u00e9 uma tarefa para amadores. Com uma das maiores cargas tribut\u00e1rias do planeta, o pa\u00eds imp\u00f5e desafios adicionais aos empres\u00e1rios, como inseguran\u00e7a jur\u00eddica, corrup\u00e7\u00e3o end\u00eamica, falta de infraestrutura e m\u00e3o de obra pouco qualificada. Mas, mesmo quem se acostumou com todas essas barreiras e prosperou est\u00e1 estarrecido com o momento atual. Um experiente banqueiro relata que, na gangorra de emo\u00e7\u00f5es do mercado brasileiro, os analistas se acostumaram a conviver com a mar\u00e9 de crises pol\u00edtica ou econ\u00f4mica. Uma em maior intensidade que a outra e, em poucas oportunidades, simultaneamente.<\/h2>\n<p class=\"p1\">\n<p class=\"p1\">\n<p class=\"p1\">O espanto maior, relata o executivo, \u00e9 que a crise pol\u00edtica e econ\u00f4mica se somou \u00e0 jur\u00eddica. \u201cVivemos a maior recess\u00e3o da hist\u00f3ria e n\u00e3o sabemos se ela acabar\u00e1. O Congresso est\u00e1 paralisado diante de seguidos esc\u00e2ndalos de corrup\u00e7\u00e3o. E agora corremos o risco de ter dois presidentes depostos, em um intervalo de um ano, por meio de um impeachment e de um processo jur\u00eddico\u201d, alerta. Diante de tantas incertezas, at\u00e9 quem conhece os melindres de Bras\u00edlia est\u00e1 em compasso de espera. Um experiente analista pol\u00edtico, que preferiu anonimato, explica que as decis\u00f5es tomadas pelos magistrados que comandam a Opera\u00e7\u00e3o Lava-Jato em Curitiba (PR) e Bras\u00edlia (DF) t\u00eam mesclado per\u00edodos de crise cr\u00f4nica e aguda.<\/p>\n<p class=\"p1\">\n<p class=\"p1\">\n<p class=\"p1\">A intensidade do problema aumenta a cada dela\u00e7\u00e3o que se torna p\u00fablica ou a partir das pris\u00f5es deferidas pelos magistrados. O n\u00edvel de inseguran\u00e7a e incerteza colocou investidores e consumidores em compasso de espera. Agora, todos aguardam os desdobramentos do julgamento da chapa Dilma-Temer no Tribunal Superior Eleitoral (TSE). Uma derrota simbolizar\u00e1 o fim do governo do peemedebista. Uma vit\u00f3ria dar\u00e1 f\u00f4lego para que o chefe do Executivo negocie a aprova\u00e7\u00e3o de reformas desidratadas. Um sinal favor\u00e1vel a esse processo foi dado ontem pelo Senado Federal. Em vit\u00f3ria por 14 a 11, a Comiss\u00e3o de Assuntos Econ\u00f4micos aprovou a reforma trabalhista.<\/p>\n<p class=\"p1\">\n<p class=\"p1\">\n<p class=\"p1\">O texto segue para as comiss\u00f5es de Assuntos Sociais (CAS) e de Constitui\u00e7\u00e3o de Justi\u00e7a (CCJ). As mais de 200 emendas ao texto foram rejeitadas. Entretanto, ainda n\u00e3o est\u00e1 claro se o governo conseguir\u00e1 maioria para aprovar a mat\u00e9ria em plen\u00e1rio. Todas essas inc\u00f3gnitas t\u00eam afligido ainda mais os milh\u00f5es de brasileiros que, sem voz no debate pol\u00edtico, esperam agoniados a recupera\u00e7\u00e3o econ\u00f4mica para voltar a pagar as contas em dia. A \u00fanica certeza do povo \u00e9 que a crise continuar\u00e1 ao longo da semana, enquanto o TSE julga a possibilidade de cassa\u00e7\u00e3o da chapa que elegeu Dilma Rousseff ao Pal\u00e1cio do Planalto em 2014.<\/p>\n<p class=\"p1\">\n<p class=\"p1\">\n<p class=\"p1\"><strong>Paralisia<\/strong><\/p>\n<p class=\"p1\">\n<p class=\"p1\">\n<p class=\"p1\">Incertezas, independentemente da origem, t\u00eam impacto negativo na gera\u00e7\u00e3o de riquezas no pa\u00eds, explica o economista Rafael Cardoso, da Daycoval Investimentos. Ele ressalta que as tens\u00f5es influenciam a taxa de c\u00e2mbio, diante da alta no risco de fazer aplica\u00e7\u00f5es no pa\u00eds. Com isso, press\u00f5es inflacion\u00e1rias passam a assombrar a atividade econ\u00f4mica. Apesar de tudo, somente no Brasil as rela\u00e7\u00f5es de causa e efeito nem sempre se tornam realidade. Cardoso destaca que a piora da percep\u00e7\u00e3o de risco deve se sobrepor \u00e0 poss\u00edvel alta de pre\u00e7os provocada por repasses cambiais.<\/p>\n<p class=\"p1\">\n<p class=\"p1\">\n<p class=\"p1\">Conforme ele, a piora da atividade econ\u00f4mica exercer\u00e1 um efeito desinflacion\u00e1rio maior do que qualquer varia\u00e7\u00e3o cambial. O economista assinala que, com a recess\u00e3o e a baixa demanda, os empres\u00e1rios n\u00e3o conseguem repassar a alta de custos para os pre\u00e7os. Para piorar, mesmo as fam\u00edlias que n\u00e3o est\u00e3o endividadas e as empresas que t\u00eam dinheiro em caixa \u2014 poucas em rela\u00e7\u00e3o \u00e0 maioria \u2014 adiam decis\u00f5es de consumo e de investimentos. \u201cO impacto inflacion\u00e1rio das incertezas teria repercuss\u00e3o na pol\u00edtica monet\u00e1ria. Por mais que o Banco Central sinalize que o ritmo de corte de juros ser\u00e1 de 0,75 ponto percentual na pr\u00f3xima reuni\u00e3o do Copom, uma queda de 1 ponto percentual n\u00e3o pode ser descartada\u201d, comenta.<\/p>\n<p class=\"p1\">\n<p class=\"p1\">\n<p class=\"p1\">Ele lembra que, al\u00e9m das incertezas pol\u00edticas, a autoridade monet\u00e1ria citou que analisar\u00e1 os impactos da crise sobre a atividade econ\u00f4mica e sobre a infla\u00e7\u00e3o. E, como o pr\u00f3ximo encontro do colegiado ocorrer\u00e1 somente em 25 e 26 de julho, a tend\u00eancia \u00e9 de que a quantidade de inc\u00f3gnitas possa ter diminu\u00eddo. \u201cN\u00e3o \u00e9 o cen\u00e1rio base, mas pode chegar a esse ponto, na medida em que o n\u00edvel de press\u00f5es diminuir\u201d, afirma. Cardoso ainda alerta que um processo de alta do d\u00f3lar n\u00e3o deve se sustentar diante das condi\u00e7\u00f5es benignas para o financiamento externo. \u201cPensar em deprecia\u00e7\u00e3o duradoura do real agora n\u00e3o parece ser correto\u201d, completa.<\/p>\n","protected":false},"excerpt":{"rendered":"<p>POR ANTONIO TEM\u00d3TEO Investir no Brasil n\u00e3o \u00e9 uma tarefa para amadores. Com uma das maiores cargas tribut\u00e1rias do planeta, o pa\u00eds imp\u00f5e desafios adicionais aos empres\u00e1rios, como inseguran\u00e7a jur\u00eddica, corrup\u00e7\u00e3o end\u00eamica, falta de infraestrutura e m\u00e3o de obra pouco qualificada. Mas, mesmo quem se acostumou com todas essas barreiras e prosperou est\u00e1 estarrecido com [&hellip;]<\/p>\n","protected":false},"author":22,"featured_media":0,"comment_status":"open","ping_status":"closed","sticky":false,"template":"","format":"standard","meta":{"footnotes":""},"categories":[600],"tags":[1603,2304,1540,11,14,111,2305,58,1217],"class_list":["post-5050","post","type-post","status-publish","format-standard","hentry","category-economia","tag-crise-economica","tag-crise-juridica","tag-crise-politica","tag-dilma-rousseff","tag-inflacao","tag-michel-temer","tag-paralisia","tag-pib","tag-tse"],"_links":{"self":[{"href":"https:\/\/blogs.correiobraziliense.com.br\/vicente\/wp-json\/wp\/v2\/posts\/5050","targetHints":{"allow":["GET"]}}],"collection":[{"href":"https:\/\/blogs.correiobraziliense.com.br\/vicente\/wp-json\/wp\/v2\/posts"}],"about":[{"href":"https:\/\/blogs.correiobraziliense.com.br\/vicente\/wp-json\/wp\/v2\/types\/post"}],"author":[{"embeddable":true,"href":"https:\/\/blogs.correiobraziliense.com.br\/vicente\/wp-json\/wp\/v2\/users\/22"}],"replies":[{"embeddable":true,"href":"https:\/\/blogs.correiobraziliense.com.br\/vicente\/wp-json\/wp\/v2\/comments?post=5050"}],"version-history":[{"count":1,"href":"https:\/\/blogs.correiobraziliense.com.br\/vicente\/wp-json\/wp\/v2\/posts\/5050\/revisions"}],"predecessor-version":[{"id":5051,"href":"https:\/\/blogs.correiobraziliense.com.br\/vicente\/wp-json\/wp\/v2\/posts\/5050\/revisions\/5051"}],"wp:attachment":[{"href":"https:\/\/blogs.correiobraziliense.com.br\/vicente\/wp-json\/wp\/v2\/media?parent=5050"}],"wp:term":[{"taxonomy":"category","embeddable":true,"href":"https:\/\/blogs.correiobraziliense.com.br\/vicente\/wp-json\/wp\/v2\/categories?post=5050"},{"taxonomy":"post_tag","embeddable":true,"href":"https:\/\/blogs.correiobraziliense.com.br\/vicente\/wp-json\/wp\/v2\/tags?post=5050"}],"curies":[{"name":"wp","href":"https:\/\/api.w.org\/{rel}","templated":true}]}}