{"id":5038,"date":"2017-06-04T00:39:25","date_gmt":"2017-06-04T03:39:25","guid":{"rendered":"https:\/\/blogs.correiobraziliense.com.br\/vicente\/?p=5038"},"modified":"2017-06-06T15:53:51","modified_gmt":"2017-06-06T18:53:51","slug":"para-ex-assessores-de-loures-ele-nao-resistira-e-vai-delatar","status":"publish","type":"post","link":"https:\/\/blogs.correiobraziliense.com.br\/vicente\/para-ex-assessores-de-loures-ele-nao-resistira-e-vai-delatar\/","title":{"rendered":"Para ex-assessores de Loures, ele n\u00e3o resistir\u00e1 e vai delatar"},"content":{"rendered":"<h2>Pessoas que mant\u00eam longo hist\u00f3rico de rela\u00e7\u00f5es com Rodrigo Rocha Loures &#8212; algumas trabalharam com ele at\u00e9 recentemente no Pal\u00e1cio do Planalto &#8212; est\u00e3o convencidas de que, mais cedo, mais tarde, ele vai abrir a boca e delatar o presidente Michel Temer. Loures foi preso neste s\u00e1bado, 3 de junho, pela Pol\u00edcia Federal.<\/h2>\n<p>&nbsp;<\/p>\n<p>Em conversas reservadas, ex-assessores de Loures dizem que ele n\u00e3o tem estrutura emocional para enfrentar um longo per\u00edodo de pris\u00e3o. O fato de a mulher estar gr\u00e1vida, prestes a dar luz, deve ser determinante para ele fechar acordo de dela\u00e7\u00e3o premiada.<\/p>\n<p>&nbsp;<\/p>\n<p>Esses mesmos ex-assessores n\u00e3o conseguem entender como Loures, de uma fam\u00edlia rica, se envolveu num esquema t\u00e3o grande de corrup\u00e7\u00e3o. O pai dele, Rodrigo Loures, \u00e9 dono da Nutrimental, fabricante das barrinhas de cereais Nutry.<\/p>\n<p>&nbsp;<\/p>\n<p>Para pessoas pr\u00f3ximas ao ex-deputado e ex-assessor de Temer, ele se deslumbrou com o poder e as suas facilidades. Acabou embarcando com tudo nos esquemas de corrup\u00e7\u00e3o. Tornou-se o homem da mala, como constatou a Pol\u00edcia Federal.<\/p>\n<p>&nbsp;<\/p>\n<p><strong>Portas dos fundos<\/strong><\/p>\n<p>&nbsp;<\/p>\n<p>Gente gra\u00fada do governo garante que, se Loures abrir a boca e dizer tudo o que sabe, Temer sair\u00e1 pelas portas dos fundos do Pal\u00e1cio do Planalto. Os dois eram pr\u00f3ximos demais. O ex-deputado era o homem que representava todos os interesses do presidente.<\/p>\n<p>&nbsp;<\/p>\n<p>Desde a montagem do governo Temer, Loures teve papel central. Ele, inclusive, antecipou para integrantes do mercado financeiro muitos dos nomes da equipe econ\u00f4mica. Foi num evento fechado do banco norte-americano JP Morgan que Loures anunciou que o presidente do Banco Central seria Ilan Goldfajn, ent\u00e3o economista-chefe do Ita\u00fa Unibanco.<\/p>\n<p>&nbsp;<\/p>\n<p>A Pol\u00edcia Federal acredita que Loures \u00e9 um &#8220;peixe precioso&#8221;, que tem muito a oferecer \u00e0s investiga\u00e7\u00f5es sobre corrup\u00e7\u00e3o no governo. Mais cedo, mais tarde, dizem integrantes da Opera\u00e7\u00e3o Lava-Jato, ele acabar\u00e1 falando o que sabe. A expectativa \u00e9 de que Loures confirme a maior parte das informa\u00e7\u00f5es repassadas \u00e0 Justi\u00e7a pelos irm\u00e3os Joesley e Wesley Batista, do grupo JBS.<\/p>\n<p>&nbsp;<\/p>\n<p><em>Bras\u00edlia, 00h39min<\/em><\/p>\n","protected":false},"excerpt":{"rendered":"<p>Pessoas que mant\u00eam longo hist\u00f3rico de rela\u00e7\u00f5es com Rodrigo Rocha Loures &#8212; algumas trabalharam com ele at\u00e9 recentemente no Pal\u00e1cio do Planalto &#8212; est\u00e3o convencidas de que, mais cedo, mais tarde, ele vai abrir a boca e delatar o presidente Michel Temer. Loures foi preso neste s\u00e1bado, 3 de junho, pela Pol\u00edcia Federal. &nbsp; Em [&hellip;]<\/p>\n","protected":false},"author":22,"featured_media":0,"comment_status":"open","ping_status":"closed","sticky":false,"template":"","format":"standard","meta":{"footnotes":""},"categories":[600],"tags":[255,1272,111,2302,1529,2258],"class_list":["post-5038","post","type-post","status-publish","format-standard","hentry","category-economia","tag-corrupcao","tag-delacao","tag-michel-temer","tag-nutry","tag-pai","tag-rodrigo-rocha-loures"],"_links":{"self":[{"href":"https:\/\/blogs.correiobraziliense.com.br\/vicente\/wp-json\/wp\/v2\/posts\/5038","targetHints":{"allow":["GET"]}}],"collection":[{"href":"https:\/\/blogs.correiobraziliense.com.br\/vicente\/wp-json\/wp\/v2\/posts"}],"about":[{"href":"https:\/\/blogs.correiobraziliense.com.br\/vicente\/wp-json\/wp\/v2\/types\/post"}],"author":[{"embeddable":true,"href":"https:\/\/blogs.correiobraziliense.com.br\/vicente\/wp-json\/wp\/v2\/users\/22"}],"replies":[{"embeddable":true,"href":"https:\/\/blogs.correiobraziliense.com.br\/vicente\/wp-json\/wp\/v2\/comments?post=5038"}],"version-history":[{"count":4,"href":"https:\/\/blogs.correiobraziliense.com.br\/vicente\/wp-json\/wp\/v2\/posts\/5038\/revisions"}],"predecessor-version":[{"id":5046,"href":"https:\/\/blogs.correiobraziliense.com.br\/vicente\/wp-json\/wp\/v2\/posts\/5038\/revisions\/5046"}],"wp:attachment":[{"href":"https:\/\/blogs.correiobraziliense.com.br\/vicente\/wp-json\/wp\/v2\/media?parent=5038"}],"wp:term":[{"taxonomy":"category","embeddable":true,"href":"https:\/\/blogs.correiobraziliense.com.br\/vicente\/wp-json\/wp\/v2\/categories?post=5038"},{"taxonomy":"post_tag","embeddable":true,"href":"https:\/\/blogs.correiobraziliense.com.br\/vicente\/wp-json\/wp\/v2\/tags?post=5038"}],"curies":[{"name":"wp","href":"https:\/\/api.w.org\/{rel}","templated":true}]}}