{"id":5035,"date":"2017-06-03T20:30:45","date_gmt":"2017-06-03T23:30:45","guid":{"rendered":"https:\/\/blogs.correiobraziliense.com.br\/vicente\/?p=5035"},"modified":"2017-06-06T15:57:59","modified_gmt":"2017-06-06T18:57:59","slug":"quanto-vale-vida-de-rodrigo-rocha-loures","status":"publish","type":"post","link":"https:\/\/blogs.correiobraziliense.com.br\/vicente\/quanto-vale-vida-de-rodrigo-rocha-loures\/","title":{"rendered":"Quanto vale a vida de Rodrigo Rocha Loures?"},"content":{"rendered":"<h2>Muita gente vem se perguntando quanto vale a vida do ex-deputado Rodrigo Rocha Loures, preso neste s\u00e1bado, 3 de junho, pela Pol\u00edcia Federal. Se abrir a boca, Loures derruba de vez o governo de Michel Temer. Loures \u00e9 uma das pessoas mais pr\u00f3ximas de Temer e \u00e9 acusado de receber R$ 500 mil por semana em propina paga pelo grupo JBS. Ele foi filmado pela PF recebendo os recursos oriundos da corrup\u00e7\u00e3o.<\/h2>\n<p>&nbsp;<\/p>\n<p>Por precau\u00e7\u00e3o, Loures est\u00e1 preso, sozinho, em uma cela de nove metros quadrados na sede da Pol\u00edcia Federal, em Bras\u00edlia. Na segunda-feira, o ex-deputado e ex-assessor especial de Temer ser\u00e1 transferido para o pres\u00eddio da Papuda. Ele ficar\u00e1 em uma ala na qual ficam presos em situa\u00e7\u00e3o de vulnerabilidades. N\u00e3o \u00e9 por acaso. &#8220;Teme-se que Loures possa ser morto. H\u00e1 um governo que depende dele para continuar&#8221;, explicar um policial federal.<\/p>\n<p>&nbsp;<\/p>\n<p>Loures, a princ\u00edpio, n\u00e3o est\u00e1 disposto a fazer dela\u00e7\u00e3o premiada. A mulher dele \u00e9 favor\u00e1vel \u00e0 dela\u00e7\u00e3o. O pai dele, um empres\u00e1rio, \u00e9 contra. A dela\u00e7\u00e3o, no entanto, vai depender do estado emocional do ex-deputado. Caso se sinta sozinho, abandonado por todos, sobretudo por Temer, pode, sim, abrir a boca. E Loures sabe muito, muito mesmo.<\/p>\n<p>&nbsp;<\/p>\n<p>A Pol\u00edcia Federal tem a exata no\u00e7\u00e3o do quanto Loures \u00e9 precioso. Por isso, montou todo um esquema de seguran\u00e7a para proteger a vida dele. Ele \u00e9 suspeito de intermediar muitos neg\u00f3cios escusos no governo. Fala-se, na Esplanada dos Minist\u00e9rios, que o ex-assessor de Temer vendia informa\u00e7\u00f5es privilegiadas ao mercado financeiro. Inclusive, v\u00e1rios pontos da reforma da Previd\u00eancia Social teriam sido fechados com representantes de institui\u00e7\u00f5es financeiras.<\/p>\n<p>&nbsp;<\/p>\n<p>Uma fonte do Pal\u00e1cio do Planalto diz que v\u00e1rios encontros de Loures com integrantes do mercado financeiro n\u00e3o constam na agenda oficial dele. Isso, inclusive, est\u00e1 sendo investigado pela Pol\u00edcia Federal. Os depoimentos do ex-deputado ser\u00e3o muito importantes para se chegar aos integrantes do mercado que tinham tr\u00e2nsito livre no Planalto.<\/p>\n<p>&nbsp;<\/p>\n<p><em>Bras\u00edlia, 20h30min<\/em><\/p>\n","protected":false},"excerpt":{"rendered":"<p>Muita gente vem se perguntando quanto vale a vida do ex-deputado Rodrigo Rocha Loures, preso neste s\u00e1bado, 3 de junho, pela Pol\u00edcia Federal. Se abrir a boca, Loures derruba de vez o governo de Michel Temer. Loures \u00e9 uma das pessoas mais pr\u00f3ximas de Temer e \u00e9 acusado de receber R$ 500 mil por semana [&hellip;]<\/p>\n","protected":false},"author":22,"featured_media":0,"comment_status":"open","ping_status":"closed","sticky":false,"template":"","format":"standard","meta":{"footnotes":""},"categories":[600],"tags":[1272,63,111,351,2258,1291],"class_list":["post-5035","post","type-post","status-publish","format-standard","hentry","category-economia","tag-delacao","tag-mercado-financeiro","tag-michel-temer","tag-prisao","tag-rodrigo-rocha-loures","tag-venda-de-informacoes"],"_links":{"self":[{"href":"https:\/\/blogs.correiobraziliense.com.br\/vicente\/wp-json\/wp\/v2\/posts\/5035","targetHints":{"allow":["GET"]}}],"collection":[{"href":"https:\/\/blogs.correiobraziliense.com.br\/vicente\/wp-json\/wp\/v2\/posts"}],"about":[{"href":"https:\/\/blogs.correiobraziliense.com.br\/vicente\/wp-json\/wp\/v2\/types\/post"}],"author":[{"embeddable":true,"href":"https:\/\/blogs.correiobraziliense.com.br\/vicente\/wp-json\/wp\/v2\/users\/22"}],"replies":[{"embeddable":true,"href":"https:\/\/blogs.correiobraziliense.com.br\/vicente\/wp-json\/wp\/v2\/comments?post=5035"}],"version-history":[{"count":4,"href":"https:\/\/blogs.correiobraziliense.com.br\/vicente\/wp-json\/wp\/v2\/posts\/5035\/revisions"}],"predecessor-version":[{"id":5048,"href":"https:\/\/blogs.correiobraziliense.com.br\/vicente\/wp-json\/wp\/v2\/posts\/5035\/revisions\/5048"}],"wp:attachment":[{"href":"https:\/\/blogs.correiobraziliense.com.br\/vicente\/wp-json\/wp\/v2\/media?parent=5035"}],"wp:term":[{"taxonomy":"category","embeddable":true,"href":"https:\/\/blogs.correiobraziliense.com.br\/vicente\/wp-json\/wp\/v2\/categories?post=5035"},{"taxonomy":"post_tag","embeddable":true,"href":"https:\/\/blogs.correiobraziliense.com.br\/vicente\/wp-json\/wp\/v2\/tags?post=5035"}],"curies":[{"name":"wp","href":"https:\/\/api.w.org\/{rel}","templated":true}]}}