{"id":5008,"date":"2017-06-01T10:30:56","date_gmt":"2017-06-01T13:30:56","guid":{"rendered":"https:\/\/blogs.correiobraziliense.com.br\/vicente\/?p=5008"},"modified":"2017-06-01T10:30:56","modified_gmt":"2017-06-01T13:30:56","slug":"meirelles-comemora-alta-do-pib-mas-sabe-que-crescimento-esta-na-berlinda","status":"publish","type":"post","link":"https:\/\/blogs.correiobraziliense.com.br\/vicente\/meirelles-comemora-alta-do-pib-mas-sabe-que-crescimento-esta-na-berlinda\/","title":{"rendered":"Meirelles comemora alta do PIB, mas sabe que crescimento est\u00e1 na berlinda"},"content":{"rendered":"<p class=\"p1\">POR ANTONIO TEM\u00d3TEO<\/p>\n<p class=\"p1\">\n<p class=\"p1\">\n<p class=\"p1\">O ministro da Fazenda, Henrique Meirelles, comemorou a alta de 1% do Produto Interno Bruto (PIB) no primeiro trimestre de 2017. Para ele, a divulga\u00e7\u00e3o do resultado \u00e9 hist\u00f3rica e mostra que, ap\u00f3s dois anos, o Brasil deixou a pior recess\u00e3o do s\u00e9culo.<\/p>\n<p class=\"p1\">\n<p class=\"p1\">\n<p class=\"p1\">Conforme ele, milh\u00f5es de brasileiros perderam os empregados, milhares de empresas quebraram e o Estado caminhou para a insolv\u00eancia. \u201c O Brasil perdeu a confian\u00e7a dos investidores e a confian\u00e7a em si mesmo. O forte crescimento da economia neste in\u00edcio de ano \u00e9 uma comprova\u00e7\u00e3o de que este processo j\u00e1 mudou\u201d, disse.<\/p>\n<p class=\"p1\">\n<p class=\"p1\">\n<p class=\"p1\">Para o chefe da equipe econ\u00f4mica, entretanto, o trabalho ainda n\u00e3o est\u00e1 completo e a retomada do crescimento sustent\u00e1vel ainda depende de uma s\u00e9rie de medidas. \u201cAinda h\u00e1 um caminho a ser percorrido para alcan\u00e7armos a plena\u00a0 recupera\u00e7\u00e3o econ\u00f4mica, mas estamos na dire\u00e7\u00e3o correta\u201d, comentou.<\/p>\n<p class=\"p1\">\n<p class=\"p1\">\n<p class=\"p1\">As afirma\u00e7\u00f5es de Meirelles fazem parte do script. Mais do que ningu\u00e9m, ele sabe que o processo de recupera\u00e7\u00e3o da economia est\u00e1 na berlinda, diante da forte crise pol\u00edtica e da paralisia das reformas no Congresso Nacional. O primeiro sinal de alerta foi emitido ontem pelo Banco Central (BC), em comunicado ap\u00f3s reuni\u00e3o do Comit\u00ea de Pol\u00edtica Monet\u00e1ria (Copom).<\/p>\n<p class=\"p1\">\n<p class=\"p1\">\n<p class=\"p1\">Conforme a equipe de Ilan Goldfajn, a falta de clareza e a demora para aprova\u00e7\u00e3o da reforma da previd\u00eancia e da reforma trabalhista podem impactar negativamente a infla\u00e7\u00e3o e a atividade econ\u00f4mica. E com isso, a queda de juros estaria amea\u00e7ada. Resta saber o que o governo far\u00e1 para sair desse imbr\u00f3glio.<\/p>\n","protected":false},"excerpt":{"rendered":"<p>POR ANTONIO TEM\u00d3TEO O ministro da Fazenda, Henrique Meirelles, comemorou a alta de 1% do Produto Interno Bruto (PIB) no primeiro trimestre de 2017. Para ele, a divulga\u00e7\u00e3o do resultado \u00e9 hist\u00f3rica e mostra que, ap\u00f3s dois anos, o Brasil deixou a pior recess\u00e3o do s\u00e9culo. Conforme ele, milh\u00f5es de brasileiros perderam os empregados, milhares [&hellip;]<\/p>\n","protected":false},"author":22,"featured_media":0,"comment_status":"open","ping_status":"closed","sticky":false,"template":"","format":"standard","meta":{"footnotes":""},"categories":[600],"tags":[1732,99,113,1540,21,201,14,4,19,58],"class_list":["post-5008","post","type-post","status-publish","format-standard","hentry","category-economia","tag-banco-central-bc","tag-copom","tag-crescimento","tag-crise-politica","tag-henrique-meirelles","tag-incertezas","tag-inflacao","tag-juros","tag-ministerio-da-fazenda","tag-pib"],"_links":{"self":[{"href":"https:\/\/blogs.correiobraziliense.com.br\/vicente\/wp-json\/wp\/v2\/posts\/5008","targetHints":{"allow":["GET"]}}],"collection":[{"href":"https:\/\/blogs.correiobraziliense.com.br\/vicente\/wp-json\/wp\/v2\/posts"}],"about":[{"href":"https:\/\/blogs.correiobraziliense.com.br\/vicente\/wp-json\/wp\/v2\/types\/post"}],"author":[{"embeddable":true,"href":"https:\/\/blogs.correiobraziliense.com.br\/vicente\/wp-json\/wp\/v2\/users\/22"}],"replies":[{"embeddable":true,"href":"https:\/\/blogs.correiobraziliense.com.br\/vicente\/wp-json\/wp\/v2\/comments?post=5008"}],"version-history":[{"count":1,"href":"https:\/\/blogs.correiobraziliense.com.br\/vicente\/wp-json\/wp\/v2\/posts\/5008\/revisions"}],"predecessor-version":[{"id":5009,"href":"https:\/\/blogs.correiobraziliense.com.br\/vicente\/wp-json\/wp\/v2\/posts\/5008\/revisions\/5009"}],"wp:attachment":[{"href":"https:\/\/blogs.correiobraziliense.com.br\/vicente\/wp-json\/wp\/v2\/media?parent=5008"}],"wp:term":[{"taxonomy":"category","embeddable":true,"href":"https:\/\/blogs.correiobraziliense.com.br\/vicente\/wp-json\/wp\/v2\/categories?post=5008"},{"taxonomy":"post_tag","embeddable":true,"href":"https:\/\/blogs.correiobraziliense.com.br\/vicente\/wp-json\/wp\/v2\/tags?post=5008"}],"curies":[{"name":"wp","href":"https:\/\/api.w.org\/{rel}","templated":true}]}}