{"id":4985,"date":"2017-05-31T18:40:38","date_gmt":"2017-05-31T21:40:38","guid":{"rendered":"https:\/\/blogs.correiobraziliense.com.br\/vicente\/?p=4985"},"modified":"2017-05-31T18:40:38","modified_gmt":"2017-05-31T21:40:38","slug":"incerteza-e-palavra-mais-citada-pelo-bc-em-comunicado-apos-copom","status":"publish","type":"post","link":"https:\/\/blogs.correiobraziliense.com.br\/vicente\/incerteza-e-palavra-mais-citada-pelo-bc-em-comunicado-apos-copom\/","title":{"rendered":"Incerteza \u00e9 a palavra mais citada pelo BC em comunicado ap\u00f3s Copom"},"content":{"rendered":"<p>POR ANTONIO TEM\u00d3TEO<\/p>\n<p>&nbsp;<\/p>\n<p>A palavra de ordem no Banco Central (BC) \u00e9 incerteza. O termo foi citado cinco vezes pelos membros do Comit\u00ea de Pol\u00edtica Monet\u00e1ria (Copom) no comunicado divulgado ap\u00f3s a reuni\u00e3o do colegiado. A equipe de Ilan Goldfajn jogou no colo do governo a responsabilidade de aprovar as reformas para que os juros continuem caindo.<\/p>\n<p>&nbsp;<\/p>\n<p>A autoridade monet\u00e1ria deixou claro sem o andamento da reforma da previd\u00eancia o espa\u00e7o para redu\u00e7\u00e3o da Selic reduz consideravelmente e pode afetar a infla\u00e7\u00e3o. Isso ocorreria diante de uma eventual alta do d\u00f3lar e da piora do risco pa\u00eds.<\/p>\n<p>&nbsp;<\/p>\n<p>No \u00faltimo comunicado do Copom, a palavra incerteza foi citada apenas duas vezes em men\u00e7\u00f5es relacionadas ao setor externo. Na pr\u00e1tica, o BC detalhou que a crise pol\u00edtica prejudicar\u00e1 o processo de recupera\u00e7\u00e3o da economia brasileira.<\/p>\n<p>&nbsp;<\/p>\n<p>&nbsp;<\/p>\n","protected":false},"excerpt":{"rendered":"<p>POR ANTONIO TEM\u00d3TEO &nbsp; A palavra de ordem no Banco Central (BC) \u00e9 incerteza. O termo foi citado cinco vezes pelos membros do Comit\u00ea de Pol\u00edtica Monet\u00e1ria (Copom) no comunicado divulgado ap\u00f3s a reuni\u00e3o do colegiado. A equipe de Ilan Goldfajn jogou no colo do governo a responsabilidade de aprovar as reformas para que os [&hellip;]<\/p>\n","protected":false},"author":22,"featured_media":0,"comment_status":"open","ping_status":"closed","sticky":false,"template":"","format":"standard","meta":{"footnotes":""},"categories":[600],"tags":[],"class_list":["post-4985","post","type-post","status-publish","format-standard","hentry","category-economia"],"_links":{"self":[{"href":"https:\/\/blogs.correiobraziliense.com.br\/vicente\/wp-json\/wp\/v2\/posts\/4985","targetHints":{"allow":["GET"]}}],"collection":[{"href":"https:\/\/blogs.correiobraziliense.com.br\/vicente\/wp-json\/wp\/v2\/posts"}],"about":[{"href":"https:\/\/blogs.correiobraziliense.com.br\/vicente\/wp-json\/wp\/v2\/types\/post"}],"author":[{"embeddable":true,"href":"https:\/\/blogs.correiobraziliense.com.br\/vicente\/wp-json\/wp\/v2\/users\/22"}],"replies":[{"embeddable":true,"href":"https:\/\/blogs.correiobraziliense.com.br\/vicente\/wp-json\/wp\/v2\/comments?post=4985"}],"version-history":[{"count":1,"href":"https:\/\/blogs.correiobraziliense.com.br\/vicente\/wp-json\/wp\/v2\/posts\/4985\/revisions"}],"predecessor-version":[{"id":4986,"href":"https:\/\/blogs.correiobraziliense.com.br\/vicente\/wp-json\/wp\/v2\/posts\/4985\/revisions\/4986"}],"wp:attachment":[{"href":"https:\/\/blogs.correiobraziliense.com.br\/vicente\/wp-json\/wp\/v2\/media?parent=4985"}],"wp:term":[{"taxonomy":"category","embeddable":true,"href":"https:\/\/blogs.correiobraziliense.com.br\/vicente\/wp-json\/wp\/v2\/categories?post=4985"},{"taxonomy":"post_tag","embeddable":true,"href":"https:\/\/blogs.correiobraziliense.com.br\/vicente\/wp-json\/wp\/v2\/tags?post=4985"}],"curies":[{"name":"wp","href":"https:\/\/api.w.org\/{rel}","templated":true}]}}