{"id":4982,"date":"2017-05-31T18:15:05","date_gmt":"2017-05-31T21:15:05","guid":{"rendered":"https:\/\/blogs.correiobraziliense.com.br\/vicente\/?p=4982"},"modified":"2017-05-31T18:19:07","modified_gmt":"2017-05-31T21:19:07","slug":"bc-sinaliza-corte-de-075-ponto-percentual-na-proxima-reuniao-do-copom","status":"publish","type":"post","link":"https:\/\/blogs.correiobraziliense.com.br\/vicente\/bc-sinaliza-corte-de-075-ponto-percentual-na-proxima-reuniao-do-copom\/","title":{"rendered":"BC sinaliza corte de 0,75 ponto percentual na pr\u00f3xima reuni\u00e3o do Copom"},"content":{"rendered":"<p>POR ANTONIO TEM\u00d3TEO<\/p>\n<p>&nbsp;<\/p>\n<p>A crise pol\u00edtica que pode atrapalhar o avan\u00e7o das reformas levou o Banco Central (BC) a sinalizar que reduzir\u00e1 o ritmo de queda de juros na pr\u00f3xima reuni\u00e3o do Comit\u00ea de Pol\u00edtica Monet\u00e1ria (Copom) para 0,75 ponto percentual. O pr\u00f3ximo encontro est\u00e1 marcada para 25 e 26 de julho.<\/p>\n<p>&nbsp;<\/p>\n<p>Segundo a equipe de Ilan Goldfajn, &#8220;uma redu\u00e7\u00e3o moderada do ritmo de flexibiliza\u00e7\u00e3o monet\u00e1ria em rela\u00e7\u00e3o ao ritmo adotado hoje deve se mostrar adequada em sua pr\u00f3xima reuni\u00e3o&#8221;. O\u00a0aumento recente das incertezas compromete a agenda de reformas e prejudicar\u00e1 o processo de flexibiliza\u00e7\u00e3o da pol\u00edtica monet\u00e1ria.<\/p>\n<p>&nbsp;<\/p>\n<p>Na pr\u00e1tica, o BC jogou para o governo a responsabilidade para que o ciclo de corte de juros n\u00e3o seja sepultado. Caber\u00e1 a equipe de Temer criar um ambiente favor\u00e1vel para que a queda de Selic continue e isso passa pela a aprova\u00e7\u00e3o de reformas no Congresso Nacional.<\/p>\n","protected":false},"excerpt":{"rendered":"<p>POR ANTONIO TEM\u00d3TEO &nbsp; A crise pol\u00edtica que pode atrapalhar o avan\u00e7o das reformas levou o Banco Central (BC) a sinalizar que reduzir\u00e1 o ritmo de queda de juros na pr\u00f3xima reuni\u00e3o do Comit\u00ea de Pol\u00edtica Monet\u00e1ria (Copom) para 0,75 ponto percentual. O pr\u00f3ximo encontro est\u00e1 marcada para 25 e 26 de julho. &nbsp; Segundo [&hellip;]<\/p>\n","protected":false},"author":22,"featured_media":0,"comment_status":"open","ping_status":"closed","sticky":false,"template":"","format":"standard","meta":{"footnotes":""},"categories":[600],"tags":[106,99,2292],"class_list":["post-4982","post","type-post","status-publish","format-standard","hentry","category-economia","tag-bc","tag-copom","tag-queda-de-juros"],"_links":{"self":[{"href":"https:\/\/blogs.correiobraziliense.com.br\/vicente\/wp-json\/wp\/v2\/posts\/4982","targetHints":{"allow":["GET"]}}],"collection":[{"href":"https:\/\/blogs.correiobraziliense.com.br\/vicente\/wp-json\/wp\/v2\/posts"}],"about":[{"href":"https:\/\/blogs.correiobraziliense.com.br\/vicente\/wp-json\/wp\/v2\/types\/post"}],"author":[{"embeddable":true,"href":"https:\/\/blogs.correiobraziliense.com.br\/vicente\/wp-json\/wp\/v2\/users\/22"}],"replies":[{"embeddable":true,"href":"https:\/\/blogs.correiobraziliense.com.br\/vicente\/wp-json\/wp\/v2\/comments?post=4982"}],"version-history":[{"count":2,"href":"https:\/\/blogs.correiobraziliense.com.br\/vicente\/wp-json\/wp\/v2\/posts\/4982\/revisions"}],"predecessor-version":[{"id":4984,"href":"https:\/\/blogs.correiobraziliense.com.br\/vicente\/wp-json\/wp\/v2\/posts\/4982\/revisions\/4984"}],"wp:attachment":[{"href":"https:\/\/blogs.correiobraziliense.com.br\/vicente\/wp-json\/wp\/v2\/media?parent=4982"}],"wp:term":[{"taxonomy":"category","embeddable":true,"href":"https:\/\/blogs.correiobraziliense.com.br\/vicente\/wp-json\/wp\/v2\/categories?post=4982"},{"taxonomy":"post_tag","embeddable":true,"href":"https:\/\/blogs.correiobraziliense.com.br\/vicente\/wp-json\/wp\/v2\/tags?post=4982"}],"curies":[{"name":"wp","href":"https:\/\/api.w.org\/{rel}","templated":true}]}}