{"id":4980,"date":"2017-05-31T18:01:34","date_gmt":"2017-05-31T21:01:34","guid":{"rendered":"https:\/\/blogs.correiobraziliense.com.br\/vicente\/?p=4980"},"modified":"2017-05-31T18:01:34","modified_gmt":"2017-05-31T21:01:34","slug":"bc-reduz-os-juros-em-1-ponto-para-1025-ao-ano","status":"publish","type":"post","link":"https:\/\/blogs.correiobraziliense.com.br\/vicente\/bc-reduz-os-juros-em-1-ponto-para-1025-ao-ano\/","title":{"rendered":"BC reduz os juros para 10,25% ao ano"},"content":{"rendered":"<p>ANTONIO TEM\u00d3TEO<\/p>\n<p>&nbsp;<\/p>\n<p>O Comit\u00ea de Pol\u00edtica Monet\u00e1ria (Copom)reduziu a taxa b\u00e1sica de juros (Selic) em um ponto percentual, para 10,25% ao ano. A decis\u00e3o un\u00e2nime do colegiado era amplamente esperada pelo mercado e foi o sexto corte consecutivo promovido pelo Banco Central (BC).<\/p>\n<p>&nbsp;<\/p>\n<p>Antes da divulga\u00e7\u00e3o das dela\u00e7\u00f5es dos irm\u00e3os Batista, controladores da J&amp;F Investimentos, a autoridade monet\u00e1ria discutia a possiblidade de acelerar o ritmo de queda da Selic para 1,25 ponto percentual. Entretanto, diante da crise pol\u00edtica, o debate foi sepultado.<\/p>\n<p>&nbsp;<\/p>\n<p>No mercado, os analistas fazem suas apostas para antecipar os pr\u00f3ximos passados da equipe de Ilan Goldfajn. Mesmo com os esfor\u00e7os do governo para tentar transmitir a sensa\u00e7\u00e3o de que o pa\u00eds n\u00e3o est\u00e1 paralisado, uma eventual escalada da crise pol\u00edtica pode sepultar o processo de queda de juros, avaliam alguns economistas reservadamente.<\/p>\n<p>&nbsp;<\/p>\n<p>&nbsp;<\/p>\n<p>&nbsp;<\/p>\n<p>&nbsp;<\/p>\n","protected":false},"excerpt":{"rendered":"<p>ANTONIO TEM\u00d3TEO &nbsp; O Comit\u00ea de Pol\u00edtica Monet\u00e1ria (Copom)reduziu a taxa b\u00e1sica de juros (Selic) em um ponto percentual, para 10,25% ao ano. A decis\u00e3o un\u00e2nime do colegiado era amplamente esperada pelo mercado e foi o sexto corte consecutivo promovido pelo Banco Central (BC). &nbsp; Antes da divulga\u00e7\u00e3o das dela\u00e7\u00f5es dos irm\u00e3os Batista, controladores da [&hellip;]<\/p>\n","protected":false},"author":22,"featured_media":0,"comment_status":"open","ping_status":"closed","sticky":false,"template":"","format":"standard","meta":{"footnotes":""},"categories":[600],"tags":[26,787,3,106,99,4,34],"class_list":["post-4980","post","type-post","status-publish","format-standard","hentry","category-economia","tag-26","tag-787","tag-banco-central","tag-bc","tag-copom","tag-juros","tag-selic"],"_links":{"self":[{"href":"https:\/\/blogs.correiobraziliense.com.br\/vicente\/wp-json\/wp\/v2\/posts\/4980","targetHints":{"allow":["GET"]}}],"collection":[{"href":"https:\/\/blogs.correiobraziliense.com.br\/vicente\/wp-json\/wp\/v2\/posts"}],"about":[{"href":"https:\/\/blogs.correiobraziliense.com.br\/vicente\/wp-json\/wp\/v2\/types\/post"}],"author":[{"embeddable":true,"href":"https:\/\/blogs.correiobraziliense.com.br\/vicente\/wp-json\/wp\/v2\/users\/22"}],"replies":[{"embeddable":true,"href":"https:\/\/blogs.correiobraziliense.com.br\/vicente\/wp-json\/wp\/v2\/comments?post=4980"}],"version-history":[{"count":1,"href":"https:\/\/blogs.correiobraziliense.com.br\/vicente\/wp-json\/wp\/v2\/posts\/4980\/revisions"}],"predecessor-version":[{"id":4981,"href":"https:\/\/blogs.correiobraziliense.com.br\/vicente\/wp-json\/wp\/v2\/posts\/4980\/revisions\/4981"}],"wp:attachment":[{"href":"https:\/\/blogs.correiobraziliense.com.br\/vicente\/wp-json\/wp\/v2\/media?parent=4980"}],"wp:term":[{"taxonomy":"category","embeddable":true,"href":"https:\/\/blogs.correiobraziliense.com.br\/vicente\/wp-json\/wp\/v2\/categories?post=4980"},{"taxonomy":"post_tag","embeddable":true,"href":"https:\/\/blogs.correiobraziliense.com.br\/vicente\/wp-json\/wp\/v2\/tags?post=4980"}],"curies":[{"name":"wp","href":"https:\/\/api.w.org\/{rel}","templated":true}]}}