{"id":4968,"date":"2017-05-31T15:15:14","date_gmt":"2017-05-31T18:15:14","guid":{"rendered":"https:\/\/blogs.correiobraziliense.com.br\/vicente\/?p=4968"},"modified":"2017-05-31T15:56:18","modified_gmt":"2017-05-31T18:56:18","slug":"torquato-mantera-daiello-na-chefia-da-policia-federal","status":"publish","type":"post","link":"https:\/\/blogs.correiobraziliense.com.br\/vicente\/torquato-mantera-daiello-na-chefia-da-policia-federal\/","title":{"rendered":"Torquato manter\u00e1 Daiello na chefia da Pol\u00edcia Federal"},"content":{"rendered":"<h2>LEONARDO CAVALCANTI<\/h2>\n<h2><\/h2>\n<h2>Torquato Jardim toma posse hoje como ministro da Justi\u00e7a com a promessa de manter Leandro Daiello na dire\u00e7\u00e3o da Pol\u00edcia Federal. Os dois j\u00e1 acertaram os ponteiros.<\/h2>\n<p>&nbsp;<\/p>\n<p>Os dois, por sinal, viajam juntos para Porto Alegre na pr\u00f3xima sexta-feira, 2 de junho. V\u00e3o mostrar que n\u00e3o h\u00e1 inten\u00e7\u00e3o de fazer mudan\u00e7as na PF, como temem muitos.<\/p>\n<p>&nbsp;<\/p>\n<p>Desde que Torquato foi convidado pelo presidente Michel Temer para trocar o Minist\u00e9rio da Transpar\u00eancia pelo da Justi\u00e7a, come\u00e7ou um grande alvoro\u00e7o de que o objetivo do governo seria mudar o comando da PF para esvaziar a Opera\u00e7\u00e3o Lava-Jato.<\/p>\n<p>&nbsp;<\/p>\n<p>A perspectiva de demiss\u00e3o de Daiello levou, inclusive, a associa\u00e7\u00e3o de delegados da PF a divulgar nota sobre os riscos de a Lava-Jato, que est\u00e1 botando dezenas de pol\u00edticos e empres\u00e1rios na pris\u00e3o, perder a for\u00e7a. Criou-se uma como\u00e7\u00e3o no pa\u00eds.<\/p>\n<p>&nbsp;<\/p>\n<p><strong>Opini\u00e3o p\u00fablica<\/strong><\/p>\n<p>&nbsp;<\/p>\n<p>Perante a opini\u00e3o p\u00fablica, a Lava-Jato \u00e9 intoc\u00e1vel. Ainda que a opera\u00e7\u00e3o cometa alguns excessos, ela est\u00e1 sendo vital para atacar a corrup\u00e7\u00e3o que suga o dinheiro p\u00fablico. O esquema descoberto na Petrobras \u00e9 considerado o maior do mundo.<\/p>\n<p>&nbsp;<\/p>\n<p>As preocupa\u00e7\u00f5es em rela\u00e7\u00e3o a um poss\u00edvel esvaziamento da Lava-Jato s\u00e3o mais do justific\u00e1veis. V\u00e1rias grava\u00e7\u00f5es obtidas pela Justi\u00e7a com base em dela\u00e7\u00f5es mostram pol\u00edticos conspirando contra a opera\u00e7\u00e3o. \u00c9 o caso do senador afastado A\u00e9cio Neves (PSDB-MG), que aparece nas grava\u00e7\u00f5es chamando Osmar Serraglio, ex-ministro da Justi\u00e7a, de fraco, por n\u00e3o ter qualquer controle sobre a PF.<\/p>\n<p>&nbsp;<\/p>\n<p>A interlocutores, Torquato diz n\u00e3o ter inten\u00e7\u00e3o de comprar qualquer briga com a PF. Muito pelo contr\u00e1rio. Ele acredita que o momento exige uma \u00f3tima rela\u00e7\u00e3o entre o ministro da Justi\u00e7a e o \u00f3rg\u00e3o respons\u00e1vel pelas investiga\u00e7\u00f5es da Lava-Jato. Ele promete sintonia com Daiello.<\/p>\n<p>&nbsp;<\/p>\n<p>Torquato foi convidado por Temer para o Minist\u00e9rio da Justi\u00e7a por seu grande conhecimento da legisla\u00e7\u00e3o eleitoral. Hoje, a prioridade do presidente da Rep\u00fablica \u00e9 evitar a sua cassa\u00e7\u00e3o caso o Tribunal Superior Eleitoral (TSE) considere irregular a chapa que o elegeu como vice de Dilma Rousseff.<\/p>\n<p>&nbsp;<\/p>\n<p><em>Bras\u00edlia, 15h15min<\/em><\/p>\n","protected":false},"excerpt":{"rendered":"<p>LEONARDO CAVALCANTI Torquato Jardim toma posse hoje como ministro da Justi\u00e7a com a promessa de manter Leandro Daiello na dire\u00e7\u00e3o da Pol\u00edcia Federal. Os dois j\u00e1 acertaram os ponteiros. &nbsp; Os dois, por sinal, viajam juntos para Porto Alegre na pr\u00f3xima sexta-feira, 2 de junho. V\u00e3o mostrar que n\u00e3o h\u00e1 inten\u00e7\u00e3o de fazer mudan\u00e7as na [&hellip;]<\/p>\n","protected":false},"author":22,"featured_media":0,"comment_status":"open","ping_status":"closed","sticky":false,"template":"","format":"standard","meta":{"footnotes":""},"categories":[600],"tags":[2291,1819,1280,228,126,2290,950],"class_list":["post-4968","post","type-post","status-publish","format-standard","hentry","category-economia","tag-leandro-daiello","tag-ministro-da-justica","tag-operacao-lava-jato","tag-petrobras","tag-policia-federal","tag-posse","tag-torquato-jardim"],"_links":{"self":[{"href":"https:\/\/blogs.correiobraziliense.com.br\/vicente\/wp-json\/wp\/v2\/posts\/4968","targetHints":{"allow":["GET"]}}],"collection":[{"href":"https:\/\/blogs.correiobraziliense.com.br\/vicente\/wp-json\/wp\/v2\/posts"}],"about":[{"href":"https:\/\/blogs.correiobraziliense.com.br\/vicente\/wp-json\/wp\/v2\/types\/post"}],"author":[{"embeddable":true,"href":"https:\/\/blogs.correiobraziliense.com.br\/vicente\/wp-json\/wp\/v2\/users\/22"}],"replies":[{"embeddable":true,"href":"https:\/\/blogs.correiobraziliense.com.br\/vicente\/wp-json\/wp\/v2\/comments?post=4968"}],"version-history":[{"count":11,"href":"https:\/\/blogs.correiobraziliense.com.br\/vicente\/wp-json\/wp\/v2\/posts\/4968\/revisions"}],"predecessor-version":[{"id":4979,"href":"https:\/\/blogs.correiobraziliense.com.br\/vicente\/wp-json\/wp\/v2\/posts\/4968\/revisions\/4979"}],"wp:attachment":[{"href":"https:\/\/blogs.correiobraziliense.com.br\/vicente\/wp-json\/wp\/v2\/media?parent=4968"}],"wp:term":[{"taxonomy":"category","embeddable":true,"href":"https:\/\/blogs.correiobraziliense.com.br\/vicente\/wp-json\/wp\/v2\/categories?post=4968"},{"taxonomy":"post_tag","embeddable":true,"href":"https:\/\/blogs.correiobraziliense.com.br\/vicente\/wp-json\/wp\/v2\/tags?post=4968"}],"curies":[{"name":"wp","href":"https:\/\/api.w.org\/{rel}","templated":true}]}}