{"id":4958,"date":"2017-05-27T06:30:19","date_gmt":"2017-05-27T09:30:19","guid":{"rendered":"https:\/\/blogs.correiobraziliense.com.br\/vicente\/?p=4958"},"modified":"2017-05-27T08:40:48","modified_gmt":"2017-05-27T11:40:48","slug":"fim-da-farra-do-bolsa-empresario-derrubou-maria-silvia","status":"publish","type":"post","link":"https:\/\/blogs.correiobraziliense.com.br\/vicente\/fim-da-farra-do-bolsa-empresario-derrubou-maria-silvia\/","title":{"rendered":"Fim da farra do &#8220;bolsa empres\u00e1rio&#8221; derrubou Maria Silvia"},"content":{"rendered":"<p>A demiss\u00e3o de Maria Silvia Bastos Marques da presid\u00eancia do Banco Nacional de Desenvolvimento Econ\u00f4mico e Social (BNDES) acendeu o sinal de alerta entre os investidores. H\u00e1 o receio de que a equipe t\u00e9cnica formada pelo presidente Michel Temer para comandar a economia se enfraque\u00e7a na miss\u00e3o de levar adiante o ajuste nas contas p\u00fablicas e o esfor\u00e7o para se aprovar, no Congresso, as reformas trabalhista e da Previd\u00eancia Social.<br \/>\nN\u00e3o h\u00e1 como negar a import\u00e2ncia de Maria Silvia para a credibilidade do governo, mas ela est\u00e1 longe de representar o estrago que haveria na economia se houvesse mudan\u00e7as nos comandos do Minist\u00e9rio da Fazenda, do Banco Central e da Petrobras. T\u00e3o logo a executiva anunciou sua decis\u00e3o, os donos do dinheiro come\u00e7aram a se perguntar qual seria o destino de Henrique Meirelles, Ilan Goldfajn e Pedro Parente. Temeu-se por uma debandada.<\/p>\n<p>&nbsp;<\/p>\n<p>A economia hoje \u00e9 o alicerce do governo Temer. Desde que o presidente tomou posse, h\u00e1 um ano, os investidores depositaram uma enorme confian\u00e7a na capacidade da equipe liderada por Meirelles de resgatar o pa\u00eds da recess\u00e3o. Apesar de a recupera\u00e7\u00e3o da atividade estar mais lenta que o imaginado e o desejado, h\u00e1 n\u00fameros que d\u00e3o extremo conforto ao mercado. A infla\u00e7\u00e3o est\u00e1 abaixo do centro da meta perseguida pelo Banco Central, de 4,5%, o que n\u00e3o se v\u00ea desde 2009. As taxas de juros est\u00e3o em queda e podem fechar o ano em um d\u00edgito. O Produto Interno Bruto (PIB) do primeiro trimestre cresceu cerca de 1%, pondo fim, tecnicamente, \u00e0 recess\u00e3o que arrasou o pa\u00eds por dois anos.<\/p>\n<p>&nbsp;<\/p>\n<p>Como diz um banqueiro com bom tr\u00e2nsito no governo, o Brasil ainda n\u00e3o est\u00e1 no melhor dos mundos, mas um horizonte importante se abriu. O fundamental \u00e9 que o n\u00facleo da equipe econ\u00f4mica seja mantido e que a crise pol\u00edtica que se instalou com for\u00e7a n\u00e3o mine a confian\u00e7a na recupera\u00e7\u00e3o do pa\u00eds. Por isso, afirma o banqueiro, \u00e9 important\u00edssimo que o Congresso n\u00e3o frustre a perspectiva de aprova\u00e7\u00e3o das reformas ainda neste ano.<\/p>\n<p>&nbsp;<\/p>\n<p><b>Governo gr\u00e1tis<\/b><\/p>\n<p>&nbsp;<\/p>\n<p>Dentro do Pal\u00e1cio do Planalto, a avalia\u00e7\u00e3o sobre a sa\u00edda de Maria Silvia do comando do BNDES veio em momento ruim, pois alimenta o discurso de fragilidade do governo. A torcida \u00e9 para que o fim de semana esfrie os \u00e2nimos dos investidores. A aposta \u00e9 de que, do ponto de vista da economia, os pr\u00f3ximos dias ser\u00e3o muito positivos. Na quarta-feira, 31, o Banco Central anunciar\u00e1 nova redu\u00e7\u00e3o na taxa b\u00e1sica de juros (Selic). A despeito de a vis\u00e3o majorit\u00e1ria dos analistas ser de um corte de um ponto percentual, assessores de Temer ainda acreditam em uma queda maior, de 1,25 ponto, para 10% ao ano.<\/p>\n<p>&nbsp;<\/p>\n<p>No dia seguinte, 1\u00ba de junho, ser\u00e1 a vez de o Instituto Brasileiro de Geografia e Estat\u00edstica (IBGE) anunciar o resultado do PIB do primeiro trimestre. Todo o governo est\u00e1 mobilizado para martelar o discurso de que a retomada da economia \u00e9 para valer e que, depois de um longo per\u00edodo de sofrimento, o pa\u00eds saiu da recess\u00e3o. A pr\u00f3xima etapa ser\u00e1 recuperar o emprego. \u201cN\u00e3o h\u00e1 por que nos rendermos. Temos boas not\u00edcias para dar. Perdemos uma pessoa importante na equipe, mas isso n\u00e3o \u00e9 motivo para ficarmos acuados\u201d, afirma um t\u00e9cnico graduado.<\/p>\n<p>&nbsp;<\/p>\n<p>O Planalto acredita que conseguiu minimizar o impacto negativo da demiss\u00e3o de Maria Silvia ao anunciar o economista Paulo Rabello de Castro para o BNDES. Ele \u00e9 considerado um excelente economista e tem \u00f3timo tr\u00e2nsito com o empresariado, sobretudo o paulista, que mais vinha batendo na ex-presidente do banco p\u00fablico. Resta saber se Castro, que presidia o IBGE, vai ceder \u00e0s press\u00f5es para aliviar as regras de empr\u00e9stimos do BNDES. A linha dura baixada por Maria Silvia na concess\u00e3o de financiamentos irritou a \u00e1rea pol\u00edtica do governo.<\/p>\n<p>&nbsp;<\/p>\n<p>O discurso de Castro sempre foi contr\u00e1rio \u00e0 concess\u00e3o de benesses pelo governo. Ele deixa isso bem claro no seu mais recente livro, O mito do governo gr\u00e1tis, \u201cque promete distribuir vantagens e ganhos para todos, sem custos para ningu\u00e9m; fen\u00f4meno pol\u00edtico que est\u00e1 na raiz do decl\u00ednio do vigor da economia brasileira e na estagna\u00e7\u00e3o de seu processo produtivo\u201d. Vale lembrar que, nos governos Lula e Dilma Rousseff, o Tesouro Nacional enfiou R$ 500 bilh\u00f5es no BNDES para financiar grupos escolhidos como campe\u00f5es nacionais, entre eles, o JBS, dos irm\u00e3os Joesley e Wesley Batista, a Oi e o X, de Eike Batista. As condi\u00e7\u00f5es favor\u00e1veis foram chamadas de bolsa empres\u00e1rio.<\/p>\n<p>&nbsp;<\/p>\n<p><b>Amigos do rei<\/b><\/p>\n<p>&nbsp;<\/p>\n<p>Maria Silvia acredita que todo o processo de reestrutura\u00e7\u00e3o que foi feito no BNDES durante o per\u00edodo que ela comandou a institui\u00e7\u00e3o ser\u00e1 mantido. Mas h\u00e1 muito a se avan\u00e7ar. Nos mais de 13 anos de governos petistas, a institui\u00e7\u00e3o se transformou em uma caixa-preta, cujo objetivo principal foi favorecer os amigos do rei. Portanto, o governo n\u00e3o pode recuar. As mesmas press\u00f5es que ajudaram a derrubar Maria Silvia v\u00e3o perturbar Rabello de Castro.<\/p>\n<p>&nbsp;<\/p>\n<p>N\u00e3o \u00e9 s\u00f3: o BNDES ser\u00e1 alvo de uma CPI no Congresso. \u00c0 medida que o pa\u00eds for conhecendo todas as irregularidades que hoje s\u00e3o mantidas sob o manto do sigilo banc\u00e1rio, a imagem da institui\u00e7\u00e3o se desgastar\u00e1 ainda mais. A popula\u00e7\u00e3o n\u00e3o engole, hoje, a informa\u00e7\u00e3o de que os irm\u00e3os Batista usaram dinheiro do banco \u2014 melhor, dos trabalhadores \u2014 para comprar, a juros subsidiados, apartamento em Nova York e uma lancha de fazer inveja aos homens mais ricos do planeta.<\/p>\n<p>&nbsp;<\/p>\n<p>Nunca o pa\u00eds esteve t\u00e3o \u00e1vido por saber como opera o BNDES. Aqueles que acreditam que, mudando o presidente da institui\u00e7\u00e3o, tudo voltar\u00e1 a ser como antes podem se preparar. Os ajustes feitos no banco e a blindagem t\u00e9cnica constru\u00edda por Maria Silvia t\u00eam bases s\u00f3lidas. Os tempos s\u00e3o outros. A farra com dinheiro p\u00fablico, pelo menos no BNDES, chegou ao fim.<\/p>\n<p>&nbsp;<\/p>\n<p><i>Bras\u00edlia, 06h30min<\/i><\/p>\n","protected":false},"excerpt":{"rendered":"<p>A demiss\u00e3o de Maria Silvia Bastos Marques da presid\u00eancia do Banco Nacional de Desenvolvimento Econ\u00f4mico e Social (BNDES) acendeu o sinal de alerta entre os investidores. H\u00e1 o receio de que a equipe t\u00e9cnica formada pelo presidente Michel Temer para comandar a economia se enfraque\u00e7a na miss\u00e3o de levar adiante o ajuste nas contas p\u00fablicas [&hellip;]<\/p>\n","protected":false},"author":22,"featured_media":0,"comment_status":"open","ping_status":"closed","sticky":false,"template":"","format":"standard","meta":{"footnotes":""},"categories":[600],"tags":[],"class_list":["post-4958","post","type-post","status-publish","format-standard","hentry","category-economia"],"_links":{"self":[{"href":"https:\/\/blogs.correiobraziliense.com.br\/vicente\/wp-json\/wp\/v2\/posts\/4958","targetHints":{"allow":["GET"]}}],"collection":[{"href":"https:\/\/blogs.correiobraziliense.com.br\/vicente\/wp-json\/wp\/v2\/posts"}],"about":[{"href":"https:\/\/blogs.correiobraziliense.com.br\/vicente\/wp-json\/wp\/v2\/types\/post"}],"author":[{"embeddable":true,"href":"https:\/\/blogs.correiobraziliense.com.br\/vicente\/wp-json\/wp\/v2\/users\/22"}],"replies":[{"embeddable":true,"href":"https:\/\/blogs.correiobraziliense.com.br\/vicente\/wp-json\/wp\/v2\/comments?post=4958"}],"version-history":[{"count":1,"href":"https:\/\/blogs.correiobraziliense.com.br\/vicente\/wp-json\/wp\/v2\/posts\/4958\/revisions"}],"predecessor-version":[{"id":4959,"href":"https:\/\/blogs.correiobraziliense.com.br\/vicente\/wp-json\/wp\/v2\/posts\/4958\/revisions\/4959"}],"wp:attachment":[{"href":"https:\/\/blogs.correiobraziliense.com.br\/vicente\/wp-json\/wp\/v2\/media?parent=4958"}],"wp:term":[{"taxonomy":"category","embeddable":true,"href":"https:\/\/blogs.correiobraziliense.com.br\/vicente\/wp-json\/wp\/v2\/categories?post=4958"},{"taxonomy":"post_tag","embeddable":true,"href":"https:\/\/blogs.correiobraziliense.com.br\/vicente\/wp-json\/wp\/v2\/tags?post=4958"}],"curies":[{"name":"wp","href":"https:\/\/api.w.org\/{rel}","templated":true}]}}