{"id":4940,"date":"2017-05-26T16:45:56","date_gmt":"2017-05-26T19:45:56","guid":{"rendered":"https:\/\/blogs.correiobraziliense.com.br\/vicente\/?p=4940"},"modified":"2017-05-26T17:21:48","modified_gmt":"2017-05-26T20:21:48","slug":"moreira-franco-derrubou-maria-silvia-do-bndes-dizem-fontes","status":"publish","type":"post","link":"https:\/\/blogs.correiobraziliense.com.br\/vicente\/moreira-franco-derrubou-maria-silvia-do-bndes-dizem-fontes\/","title":{"rendered":"Moreira Franco derrubou Maria Silvia do BNDES, dizem fontes"},"content":{"rendered":"<h2>Gente gra\u00fada do governo garante que o grande respons\u00e1vel pela demiss\u00e3o de Maria Silvia Bastos Marques da presid\u00eancia do Banco Nacional de Desenvolvimento Econ\u00f4mico e Social (BNDES) foi o\u00a0secret\u00e1rio-geral da Presid\u00eancia da Rep\u00fablica, Moreira Franco. Ele vinha alimentando a press\u00e3o sobre ela e plantando not\u00edcias de que o presidente Michel Temer estaria insatisfeito com o trabalho realizado pela executiva.<\/h2>\n<p>&nbsp;<\/p>\n<p>A press\u00e3o de Moreira sobre Maria Silvia, segundo t\u00e9cnicos da equipe econ\u00f4mica, come\u00e7ou no in\u00edcio do ano. Moreira passou a verbalizar para Temer as reclama\u00e7\u00f5es de empres\u00e1rios de que o BNDES estava dificultando muito a libera\u00e7\u00e3o de recursos num momento em que a economia estava precisando muito de cr\u00e9dito.<\/p>\n<p>&nbsp;<\/p>\n<p>As queixas de uma ala de empres\u00e1rios foram verbalizadas a Michel Temer por Joesley Batista, um dos donos da JBS, na fat\u00eddica conversa com o presidente que detonou a maior crise pol\u00edtica do atual governo. Os empres\u00e1rios diziam para Moreira que era imposs\u00edvel falar em aumento dos investimentos com Maria Silvia \u00e0 frente do BNDES.<\/p>\n<p>&nbsp;<\/p>\n<p>Moreira, de acordo com t\u00e9cnicos da equipe econ\u00f4mica, pregava o discurso de que, com Maria Silvia no comando do BNDES, o programa de concess\u00f5es e de privatiza\u00e7\u00f5es do governo estaria fadado ao fracasso, j\u00e1 que o time de Maria Silvia criaria dificuldades para liberar os financiamentos pedidos pelos potenciais vencedores dos leil\u00f5es.<\/p>\n<p>&nbsp;<\/p>\n<p><strong>Dentro da lei<\/strong><\/p>\n<p>&nbsp;<\/p>\n<p>Nos bastidores, Maria Silva rebatia que as decis\u00f5es do BNDES eram todas t\u00e9cnicas, pautadas pela transpar\u00eancia e pela garantia de que todas as decis\u00f5es seriam tomadas de acordo com a lei. Desde que assumiu o comando do BNDES, a executiva se deparou com uma s\u00e9rie de questionamentos do Tribunal de Contas da Uni\u00e3o (TCU) e da Justi\u00e7a sobre opera\u00e7\u00f5es nada republicanas realizadas pelo banco nos \u00faltimos anos.<\/p>\n<p>&nbsp;<\/p>\n<p>A maior preocupa\u00e7\u00e3o de Maria Silvia era n\u00e3o ter a sua gest\u00e3o contestada, sobretudo pelo fato de o BNDES estar no centro das investiga\u00e7\u00f5es da Lava-Jato. Al\u00e9m disso, o banco foi obrigado a passar por um grande processo de enxugamento, devido \u00e0 devolu\u00e7\u00e3o de R$ 100 bilh\u00f5es ao Tesouro Nacional. A institui\u00e7\u00e3o viu o caixa minguar.<\/p>\n<p>&nbsp;<\/p>\n<p>Maria Silvia \u00e9 a primeira t\u00e9cnica do alto escal\u00e3o a deixar o governo Temer. O medo dos investidores \u00e9 de que Pedro Parente, presidente da Petrobras, siga o mesmo caminho. Recentemente, ele garantiu aos empregados da estatal que ficar\u00e1 no cargo at\u00e9 2019.<\/p>\n<p>&nbsp;<\/p>\n<p><em>Bras\u00edlia, 16h45min<\/em><\/p>\n","protected":false},"excerpt":{"rendered":"<p>Gente gra\u00fada do governo garante que o grande respons\u00e1vel pela demiss\u00e3o de Maria Silvia Bastos Marques da presid\u00eancia do Banco Nacional de Desenvolvimento Econ\u00f4mico e Social (BNDES) foi o\u00a0secret\u00e1rio-geral da Presid\u00eancia da Rep\u00fablica, Moreira Franco. Ele vinha alimentando a press\u00e3o sobre ela e plantando not\u00edcias de que o presidente Michel Temer estaria insatisfeito com o [&hellip;]<\/p>\n","protected":false},"author":22,"featured_media":0,"comment_status":"open","ping_status":"closed","sticky":false,"template":"","format":"standard","meta":{"footnotes":""},"categories":[600],"tags":[],"class_list":["post-4940","post","type-post","status-publish","format-standard","hentry","category-economia"],"_links":{"self":[{"href":"https:\/\/blogs.correiobraziliense.com.br\/vicente\/wp-json\/wp\/v2\/posts\/4940","targetHints":{"allow":["GET"]}}],"collection":[{"href":"https:\/\/blogs.correiobraziliense.com.br\/vicente\/wp-json\/wp\/v2\/posts"}],"about":[{"href":"https:\/\/blogs.correiobraziliense.com.br\/vicente\/wp-json\/wp\/v2\/types\/post"}],"author":[{"embeddable":true,"href":"https:\/\/blogs.correiobraziliense.com.br\/vicente\/wp-json\/wp\/v2\/users\/22"}],"replies":[{"embeddable":true,"href":"https:\/\/blogs.correiobraziliense.com.br\/vicente\/wp-json\/wp\/v2\/comments?post=4940"}],"version-history":[{"count":1,"href":"https:\/\/blogs.correiobraziliense.com.br\/vicente\/wp-json\/wp\/v2\/posts\/4940\/revisions"}],"predecessor-version":[{"id":4941,"href":"https:\/\/blogs.correiobraziliense.com.br\/vicente\/wp-json\/wp\/v2\/posts\/4940\/revisions\/4941"}],"wp:attachment":[{"href":"https:\/\/blogs.correiobraziliense.com.br\/vicente\/wp-json\/wp\/v2\/media?parent=4940"}],"wp:term":[{"taxonomy":"category","embeddable":true,"href":"https:\/\/blogs.correiobraziliense.com.br\/vicente\/wp-json\/wp\/v2\/categories?post=4940"},{"taxonomy":"post_tag","embeddable":true,"href":"https:\/\/blogs.correiobraziliense.com.br\/vicente\/wp-json\/wp\/v2\/tags?post=4940"}],"curies":[{"name":"wp","href":"https:\/\/api.w.org\/{rel}","templated":true}]}}