{"id":4915,"date":"2017-05-25T19:10:22","date_gmt":"2017-05-25T22:10:22","guid":{"rendered":"https:\/\/blogs.correiobraziliense.com.br\/vicente\/?p=4915"},"modified":"2017-05-25T19:23:49","modified_gmt":"2017-05-25T22:23:49","slug":"petrobras-reduz-preco-da-gasolina-em-54-ou-r-009-por-litro","status":"publish","type":"post","link":"https:\/\/blogs.correiobraziliense.com.br\/vicente\/petrobras-reduz-preco-da-gasolina-em-54-ou-r-009-por-litro\/","title":{"rendered":"Petrobras reduz pre\u00e7o da gasolina em 5,4%, ou R$ 0,09 por litro"},"content":{"rendered":"<h2>HAMILTON FERRARI<\/h2>\n<h2><\/h2>\n<h2>Em busca de boas not\u00edcias, o governo comemorou ontem a redu\u00e7\u00e3o dos pre\u00e7os dos combust\u00edveis pela Petrobras. Segundo a empresa, o valor m\u00e9dio da gasolina nas refinarias ter\u00e1 queda de 5,4% e o do diesel, de 3,5%.\u00a0Se a redu\u00e7\u00e3o feita pela empresa for repassada integralmente ao consumidor final, o diesel ficar\u00e1, em m\u00e9dia, 2,2% mais barato, ou R$ 0,07 por litro, e a gasolina, 2,4% ou R$ 0,09.<\/h2>\n<p>&nbsp;<\/p>\n<p>Segundo a Petrobras, os pre\u00e7os dos derivados no mercado internacional e a oscila\u00e7\u00e3o do real ante o d\u00f3lar pesaram na decis\u00e3o de reduzir os pre\u00e7os dos combust\u00edveis. A estatal garante que continuar\u00e1 com margens positivas em rela\u00e7\u00e3o \u00e0 paridade externa, conforme princ\u00edpio da pol\u00edtica anunciada, e est\u00e3o alinhados com os objetivos do Plano de Neg\u00f3cios 2017\/2021.<\/p>\n<p>&nbsp;<\/p>\n<p>A decis\u00e3o, de acordo com a diretoria da Petrobras, tamb\u00e9m foi guiada pelo aumento significativo nas importa\u00e7\u00f5es no \u00faltimo m\u00eas, o que obrigou ajustes de competitividade da Petrobras no mercado interno.\u00a0A importa\u00e7\u00e3o de gasolina por terceiros para o mercado interno aumentou de 240 mil metros c\u00fabicos em fevereiro para 419 mil em abril, com previs\u00e3o de manuten\u00e7\u00e3o em torno deste n\u00edvel em maio. No diesel a importa\u00e7\u00e3o saiu de 564 mil metros c\u00fabicos em fevereiro para 811 mil em abril e previs\u00e3o de mais de 1 milh\u00e3o de metros c\u00fabicos em maio. Com isso, as refinarias da Petrobras podem chegar a um fator de utiliza\u00e7\u00e3o abaixo do \u00faltimo dado divulgado pela companhia em seus resultados trimestrais, que foi de 77%.<\/p>\n<p>&nbsp;<\/p>\n<p>A petroleira avaliou ainda que &#8220;a pol\u00edtica de pre\u00e7os com corre\u00e7\u00f5es pelo menos mensais, embora um avan\u00e7o significativo em rela\u00e7\u00e3o ao sistema anterior, n\u00e3o tem refletido tempestivamente as volatilidades de pre\u00e7os de internacionais de derivados e c\u00e2mbio entre as datas dos reajustes&#8221;, fato agravado pelo acr\u00e9scimo recente na volatilidade do d\u00f3lar. Esta constata\u00e7\u00e3o tem crescentemente sido parte das discuss\u00f5es da empresa e pode fundamentar aumentos na frequ\u00eancia dos ajustes de pre\u00e7os.<\/p>\n<p>&nbsp;<\/p>\n<p>&#8220;Como a lei brasileira garante liberdade de pre\u00e7os no mercado de combust\u00edveis e derivados, as revis\u00f5es feitas pela Petrobras nas refinarias podem ou n\u00e3o se refletir no pre\u00e7o final ao consumidor. Isso depende de repasses feitos por outros integrantes da cadeia de combust\u00edveis, especialmente distribuidoras e postos revendedores&#8221;, avisa.<\/p>\n","protected":false},"excerpt":{"rendered":"<p>HAMILTON FERRARI Em busca de boas not\u00edcias, o governo comemorou ontem a redu\u00e7\u00e3o dos pre\u00e7os dos combust\u00edveis pela Petrobras. Segundo a empresa, o valor m\u00e9dio da gasolina nas refinarias ter\u00e1 queda de 5,4% e o do diesel, de 3,5%.\u00a0Se a redu\u00e7\u00e3o feita pela empresa for repassada integralmente ao consumidor final, o diesel ficar\u00e1, em m\u00e9dia, [&hellip;]<\/p>\n","protected":false},"author":22,"featured_media":0,"comment_status":"open","ping_status":"closed","sticky":false,"template":"","format":"standard","meta":{"footnotes":""},"categories":[600],"tags":[],"class_list":["post-4915","post","type-post","status-publish","format-standard","hentry","category-economia"],"_links":{"self":[{"href":"https:\/\/blogs.correiobraziliense.com.br\/vicente\/wp-json\/wp\/v2\/posts\/4915","targetHints":{"allow":["GET"]}}],"collection":[{"href":"https:\/\/blogs.correiobraziliense.com.br\/vicente\/wp-json\/wp\/v2\/posts"}],"about":[{"href":"https:\/\/blogs.correiobraziliense.com.br\/vicente\/wp-json\/wp\/v2\/types\/post"}],"author":[{"embeddable":true,"href":"https:\/\/blogs.correiobraziliense.com.br\/vicente\/wp-json\/wp\/v2\/users\/22"}],"replies":[{"embeddable":true,"href":"https:\/\/blogs.correiobraziliense.com.br\/vicente\/wp-json\/wp\/v2\/comments?post=4915"}],"version-history":[{"count":7,"href":"https:\/\/blogs.correiobraziliense.com.br\/vicente\/wp-json\/wp\/v2\/posts\/4915\/revisions"}],"predecessor-version":[{"id":4922,"href":"https:\/\/blogs.correiobraziliense.com.br\/vicente\/wp-json\/wp\/v2\/posts\/4915\/revisions\/4922"}],"wp:attachment":[{"href":"https:\/\/blogs.correiobraziliense.com.br\/vicente\/wp-json\/wp\/v2\/media?parent=4915"}],"wp:term":[{"taxonomy":"category","embeddable":true,"href":"https:\/\/blogs.correiobraziliense.com.br\/vicente\/wp-json\/wp\/v2\/categories?post=4915"},{"taxonomy":"post_tag","embeddable":true,"href":"https:\/\/blogs.correiobraziliense.com.br\/vicente\/wp-json\/wp\/v2\/tags?post=4915"}],"curies":[{"name":"wp","href":"https:\/\/api.w.org\/{rel}","templated":true}]}}