{"id":4909,"date":"2017-05-25T06:30:48","date_gmt":"2017-05-25T09:30:48","guid":{"rendered":"https:\/\/blogs.correiobraziliense.com.br\/vicente\/?p=4909"},"modified":"2017-05-25T10:42:56","modified_gmt":"2017-05-25T13:42:56","slug":"os-erros-de-temer-do-congresso-das-corporacoes-de-todos-nos","status":"publish","type":"post","link":"https:\/\/blogs.correiobraziliense.com.br\/vicente\/os-erros-de-temer-do-congresso-das-corporacoes-de-todos-nos\/","title":{"rendered":"Os erros de Temer, do Congresso, das corpora\u00e7\u00f5es, de todos n\u00f3s"},"content":{"rendered":"<h2>O vandalismo que destruiu a Esplanada dos Minist\u00e9rios simboliza todos os erros cometidos pelo pa\u00eds. Erra o presidente Michel Temer quando insiste em permanecer no comando do governo mesmo sem ter condi\u00e7\u00f5es morais para o ocupar o cargo. Erram as centrais sindicais ao defenderem interesses corporativos que n\u00e3o se sustentam mais, por beirarem a aberra\u00e7\u00e3o. Erram os que foram \u00e0s ruas defender o Diretas J\u00e1, por se juntarem a grupos extremistas. Erra o Congresso ao se recusar a votar temas t\u00e3o relevantes para o Brasil, como as reformas trabalhista e da Previd\u00eancia Social.<\/h2>\n<p>&nbsp;<\/p>\n<p>Enquanto insistirmos nesses erros, ser\u00e3o cada vez mais comuns cenas de viol\u00eancia como as da pra\u00e7a de guerra na qual se transformou Bras\u00edlia ontem. Portanto, chegou a hora de o pa\u00eds decidir em que caminho quer seguir. N\u00e3o h\u00e1 mais espa\u00e7o para interesses espec\u00edficos. \u00c9 preciso pensar o pa\u00eds com um objetivo \u00fanico, que leve \u00e0 retomada do crescimento, \u00e0 cria\u00e7\u00e3o de empregos, \u00e0 gera\u00e7\u00e3o de renda e \u00e0 redu\u00e7\u00e3o das desigualdades sociais. S\u00f3 assim poderemos revolver as mazelas que nos assombram todos os dias e tornam o Brasil uma das na\u00e7\u00f5es mais injustas do mundo.<\/p>\n<p>&nbsp;<\/p>\n<p>Foram os interesses de grupos espec\u00edficos, cada um querendo defender o seu quinh\u00e3o, que resultaram no maior esquema de corrup\u00e7\u00e3o da hist\u00f3ria. Todos os que est\u00e3o em confronto agora usufru\u00edram, de alguma forma, da roubalheira generalizada que parece n\u00e3o ter fim. A percep\u00e7\u00e3o clara \u00e9 de que ningu\u00e9m quer abrir m\u00e3o de benesses, mesmo que isso signifique botar fogo no pa\u00eds. \u00c9 um comportamento absurdo, inaceit\u00e1vel. Esse tipo de postura s\u00f3 empurra o Brasil para o precip\u00edcio. O risco de mergulharmos no caos institucional \u00e9 latente.<\/p>\n<p>&nbsp;<\/p>\n<p><b>Legitimidade<\/b><\/p>\n<p>&nbsp;<\/p>\n<p>Protestos s\u00e3o mais do que leg\u00edtimos, mas desde que ocorram de forma pac\u00edfica. Nunca esse pa\u00eds precisou tanto do debate e do contradit\u00f3rio. O problema \u00e9 que estamos vivendo tempos de extremos, de que posi\u00e7\u00f5es contr\u00e1rias s\u00e3o combatidas com viol\u00eancia. O discurso de muitos de que est\u00e1 se defendendo a democracia n\u00e3o se sustenta. A guerra fratricida que estamos assistindo s\u00f3 abre espa\u00e7o para oportunistas. Estamos criando um monstro, que, com a pecha de salvador da p\u00e1tria, poder\u00e1 governar o pa\u00eds a partir de 2019.<\/p>\n<p>&nbsp;<\/p>\n<p>Temos que usar as imagens marcantes das manifesta\u00e7\u00f5es de Bras\u00edlia, que deixaram dezenas de feridos e um rastro de destrui\u00e7\u00e3o em pr\u00e9dios p\u00fablicos, para refletirmos sobre nossas a\u00e7\u00f5es. Est\u00e1 expl\u00edcito que erramos todos. Organizadoras dos protestos, as centrais sindicais levantam a bandeira contra as reformas trabalhista e da Previd\u00eancia Social, mas seu objetivo \u00fanico \u00e9 manter a farra do imposto sindical que as sustenta e garante privil\u00e9gios a seus comandantes. Essas entidades precisam deixar de se dependurar em dinheiro p\u00fablico.<\/p>\n<p>&nbsp;<\/p>\n<p>J\u00e1 o presidente Temer precisa entender que perdeu a governabilidade, que j\u00e1 n\u00e3o conta mais com o apoio necess\u00e1rio para comandar o pa\u00eds. A base aliada que o peemedebista ostentava at\u00e9 as dela\u00e7\u00f5es dos irm\u00e3os Joesley e Wesley Batista, do grupo JBS, se esfacelou. Ao que tudo indica, se n\u00e3o sair por vontade pr\u00f3pria, o presidente poder\u00e1 ser retirado do poder pelo Tribunal Superior Eleitoral (TSE) ao cassar a chapa Dilma-Temer, acusada de abuso de poder econ\u00f4mico nas elei\u00e7\u00f5es de 2014.<\/p>\n<p>&nbsp;<\/p>\n<p><b>Sopro de sensatez<\/b><\/p>\n<p>&nbsp;<\/p>\n<p>Presidente do grupo su\u00ed\u00e7o ABB no Brasil, o espanhol Rafael Paniagua assistiu, at\u00f4nito, ao vandalismo em Bras\u00edlia. Ele estava ontem na capital federal para comemorar os 105 anos da chegada da empresa ao pa\u00eds. Para ele, o Brasil \u00e9 maior do que tudo o que se est\u00e1 vendo, mas \u00e9 vital que a crise pol\u00edtica que faz sangrar a economia seja superada o mais rapidamente poss\u00edvel. \u201cO Brasil tem dado demonstra\u00e7\u00f5es claras do quanto suas institui\u00e7\u00f5es s\u00e3o fortes. \u00c9 preciso, contudo, avan\u00e7ar. N\u00e3o \u00e9 f\u00e1cil conviver com esse quadro de turbul\u00eancia\u201d, afirma.<\/p>\n<p>&nbsp;<\/p>\n<p>Paniagua entende que, num clima sem tens\u00f5es pol\u00edticas e com um governo forte, o potencial de crescimento do pa\u00eds \u00e9 enorme. A ABB, maior fabricante de rob\u00f4s do mundo, tem muito interesse em projetos de infraestrutura, sobretudo em energias renov\u00e1veis. \u201cEstamos falando de um mercado de 200 milh\u00f5es de consumidores, no qual h\u00e1 muita coisa por fazer\u201d, frisa. O executivo ressalta que, talvez pelo distanciamento de ser estrangeiro, consegue fugir do pessimismo que tem dominado os brasileiros. \u201cEstamos comemorando, at\u00e9 agora, a inaugura\u00e7\u00e3o, em janeiro, da nossa quarta planta industrial no Brasil, que consumiu investimentos de R$ 10 milh\u00f5es\u201d, diz. Talvez Paniagua esteja certo: nem tudo est\u00e1 perdido.<\/p>\n<p>&nbsp;<\/p>\n<p><i>Bras\u00edlia, 06h30min<\/i><\/p>\n","protected":false},"excerpt":{"rendered":"<p>O vandalismo que destruiu a Esplanada dos Minist\u00e9rios simboliza todos os erros cometidos pelo pa\u00eds. Erra o presidente Michel Temer quando insiste em permanecer no comando do governo mesmo sem ter condi\u00e7\u00f5es morais para o ocupar o cargo. Erram as centrais sindicais ao defenderem interesses corporativos que n\u00e3o se sustentam mais, por beirarem a aberra\u00e7\u00e3o. [&hellip;]<\/p>\n","protected":false},"author":22,"featured_media":0,"comment_status":"open","ping_status":"closed","sticky":false,"template":"","format":"standard","meta":{"footnotes":""},"categories":[600],"tags":[254,255,113,509,111,31,2281],"class_list":["post-4909","post","type-post","status-publish","format-standard","hentry","category-economia","tag-congresso","tag-corrupcao","tag-crescimento","tag-jbs","tag-michel-temer","tag-recessao","tag-vandalismo-em-brasilia"],"_links":{"self":[{"href":"https:\/\/blogs.correiobraziliense.com.br\/vicente\/wp-json\/wp\/v2\/posts\/4909","targetHints":{"allow":["GET"]}}],"collection":[{"href":"https:\/\/blogs.correiobraziliense.com.br\/vicente\/wp-json\/wp\/v2\/posts"}],"about":[{"href":"https:\/\/blogs.correiobraziliense.com.br\/vicente\/wp-json\/wp\/v2\/types\/post"}],"author":[{"embeddable":true,"href":"https:\/\/blogs.correiobraziliense.com.br\/vicente\/wp-json\/wp\/v2\/users\/22"}],"replies":[{"embeddable":true,"href":"https:\/\/blogs.correiobraziliense.com.br\/vicente\/wp-json\/wp\/v2\/comments?post=4909"}],"version-history":[{"count":3,"href":"https:\/\/blogs.correiobraziliense.com.br\/vicente\/wp-json\/wp\/v2\/posts\/4909\/revisions"}],"predecessor-version":[{"id":4912,"href":"https:\/\/blogs.correiobraziliense.com.br\/vicente\/wp-json\/wp\/v2\/posts\/4909\/revisions\/4912"}],"wp:attachment":[{"href":"https:\/\/blogs.correiobraziliense.com.br\/vicente\/wp-json\/wp\/v2\/media?parent=4909"}],"wp:term":[{"taxonomy":"category","embeddable":true,"href":"https:\/\/blogs.correiobraziliense.com.br\/vicente\/wp-json\/wp\/v2\/categories?post=4909"},{"taxonomy":"post_tag","embeddable":true,"href":"https:\/\/blogs.correiobraziliense.com.br\/vicente\/wp-json\/wp\/v2\/tags?post=4909"}],"curies":[{"name":"wp","href":"https:\/\/api.w.org\/{rel}","templated":true}]}}