{"id":4907,"date":"2017-05-24T06:30:07","date_gmt":"2017-05-24T09:30:07","guid":{"rendered":"https:\/\/blogs.correiobraziliense.com.br\/vicente\/?p=4907"},"modified":"2017-05-25T10:51:28","modified_gmt":"2017-05-25T13:51:28","slug":"para-empresarios-e-investidores-o-melhor-e-temer-sair","status":"publish","type":"post","link":"https:\/\/blogs.correiobraziliense.com.br\/vicente\/para-empresarios-e-investidores-o-melhor-e-temer-sair\/","title":{"rendered":"Para empres\u00e1rios e investidores, o melhor \u00e9 Temer sair"},"content":{"rendered":"<h2>O presidente Michel Temer se movimentou ativamente nos \u00faltimos dias para obter apoio entre empres\u00e1rios e investidores. Em troca, refor\u00e7ou o compromisso de aprovar as reformas trabalhista e da Previd\u00eancia assim que poss\u00edvel e, sobretudo, de manter intacta a pol\u00edtica econ\u00f4mica. Num primeiro momento, os donos do dinheiro decidiram dar um voto de confian\u00e7a ao peemedebista, abatido pelas dela\u00e7\u00f5es dos irm\u00e3os Joesley e Wesley Batista. Agora, por\u00e9m, querem que Temer deixe o governo o mais r\u00e1pido que puder, sob a alega\u00e7\u00e3o de que, com ele no cargo, o pa\u00eds afundar\u00e1 novamente na recess\u00e3o.<\/h2>\n<p>&nbsp;<\/p>\n<p>Na avalia\u00e7\u00e3o de empres\u00e1rios e investidores, o presidente n\u00e3o tem mais for\u00e7a pol\u00edtica para levar adiante reformas t\u00e3o importantes e impopulares. A governabilidade se desfez. Eles acreditam que Temer deve se render \u00e0 realidade e renunciar depois de fechado um acord\u00e3o entre lideran\u00e7as dos principais partidos pol\u00edticos. As negocia\u00e7\u00f5es para a sa\u00edda do presidente envolveriam um compromisso de aprova\u00e7\u00e3o das reformas at\u00e9 novembro. \u00c9 o prazo m\u00e1ximo, no entender dos donos do dinheiro, que o pa\u00eds aguenta sem mergulhar na desordem econ\u00f4mica.<\/p>\n<p>&nbsp;<\/p>\n<p>Para empres\u00e1rios e investidores, o nome escolhido como substituto de Temer por meio de uma elei\u00e7\u00e3o indireta deve ter amplo apoio no Congresso. De nada adiantar\u00e1 mudar o comando do pa\u00eds se o futuro presidente n\u00e3o tiver for\u00e7a para manter a economia nos eixos com a aprova\u00e7\u00e3o das reformas. Eles ressaltam que n\u00e3o h\u00e1 prefer\u00eancia por um dos nomes que est\u00e3o sendo ventilados para suceder Temer. Est\u00e3o na lista o ex-presidente Fernando Henrique Cardoso, o ex-ministro da Justi\u00e7a Nelson Jobim, o senador Tasso Jereissati e o presidente da C\u00e2mara, Rodrigo Maia.<\/p>\n<p>&nbsp;<\/p>\n<p>A pressa dos donos do dinheiro se explica. Desde que as dela\u00e7\u00f5es dos irm\u00e3os Batista se tornaram p\u00fablicas, h\u00e1 uma semana, a destrui\u00e7\u00e3o de riqueza foi brutal. Estima-se que, somente nos fundos multimercados, as perdas chegaram a quase R$ 40 bilh\u00f5es. O valor de mercado das empresas negociadas em bolsa encolheu mais de R$ 200 bilh\u00f5es. Os juros futuros, que servem de par\u00e2metro para a forma\u00e7\u00e3o do custo do cr\u00e9dito, dispararam. A incerteza voltou com tudo.<\/p>\n<p>&nbsp;<\/p>\n<p><b>Sem barulho<\/b><\/p>\n<p>&nbsp;<\/p>\n<p>Empres\u00e1rios e investidores j\u00e1 fizeram chegar ao Pal\u00e1cio do Planalto o desembarque do apoio a Temer. A ordem, por\u00e9m, \u00e9 n\u00e3o fazer barulho para n\u00e3o tornar o clima ainda mais complicado. De qualquer forma, institui\u00e7\u00f5es como a Confedera\u00e7\u00e3o Nacional da Ind\u00fastria (CNI) j\u00e1 come\u00e7aram a soltar manifestos p\u00fablicos destacando que \u201co Brasil n\u00e3o pode parar\u201d. A entidade defende a continuidade das reformas trabalhista, previdenci\u00e1ria e tribut\u00e1ria, mas, em nenhum momento, cita o nome do presidente da Rep\u00fablica.<\/p>\n<p>&nbsp;<\/p>\n<p>Na opini\u00e3o dos donos do dinheiro, \u00e9 vital que a troca de governo seja feita de acordo com a Constitui\u00e7\u00e3o. Essa vis\u00e3o \u00e9 ressaltada pela CNI. \u201cTemos a convic\u00e7\u00e3o de que os poderes da Rep\u00fablica ser\u00e3o capazes de solucionar a atual turbul\u00eancia com serenidade, equil\u00edbrio e esp\u00edrito p\u00fablico, em estreita observ\u00e2ncia da Constitui\u00e7\u00e3o Federal\u201d. A Confedera\u00e7\u00e3o acrescenta: \u201cA ind\u00fastria brasileira entende que n\u00e3o pode haver retrocesso nos avan\u00e7os conquistados duramente nos \u00faltimos meses\u201d.<\/p>\n<p>&nbsp;<\/p>\n<p>Para empres\u00e1rios e investidores, mesmo com toda turbul\u00eancia pol\u00edtica na qual o Brasil est\u00e1 mergulhado, h\u00e1 sinais animadores na economia. A infla\u00e7\u00e3o caiu fortemente. O IPCA-15, pr\u00e9via do \u00edndice oficial de infla\u00e7\u00e3o, atingiu, em maio, 0,24%, o menor n\u00edvel para o m\u00eas desde 2000. Em 12 meses, a taxa ficou em 3,77%, bem abaixo do centro da meta, de 4,5%, perseguida pelo Banco Central. Com isso, os juros continuar\u00e3o caindo. No fim do m\u00eas, \u00e9 poss\u00edvel que o Banco Central reduza a taxa b\u00e1sica (Selic) entre um e 1,25 ponto percentual. N\u00e3o \u00e9 s\u00f3. A produ\u00e7\u00e3o industrial e as vendas do varejo mostram rea\u00e7\u00e3o.<\/p>\n<p>&nbsp;<\/p>\n<p>\u201c\u00c9 por isso que precisamos resolver o impasse pol\u00edtico rapidamente. De nada adiantar\u00e1 mantermos no poder um presidente que j\u00e1 n\u00e3o consegue governar. Todo o tempo dispon\u00edvel dele est\u00e1 sendo usado para se defender de den\u00fancias de irregularidades\u201d, diz um executivo de um dos maiores bancos do pa\u00eds. Ele ressalta que praticamente todos os auxiliares mais pr\u00f3ximos de Temer foram pegos pela Justi\u00e7a.<\/p>\n<p>&nbsp;<\/p>\n<p>Os ministros Eliseu Padilha (Casa Civil) e Moreira Franco (Secretaria de Governo) est\u00e3o na mira da Lava-Jato. O ex-assessor especial Rodrigo Rocha Loures foi pego com uma mala com quase R$ 500 mil pagos em propina pela JBS. Ontem, outro assessor especial, Tadeu Filipelli, ex-vice-governador do Distrito Federal, foi preso, acusado de participa\u00e7\u00e3o no esquema que resultou no superfaturamento de R$ 900 milh\u00f5es do Est\u00e1dio Man\u00e9 Garrincha. \u201c\u00c9 den\u00fancia demais na antessala do gabinete presidencial\u201d, acrescenta um empres\u00e1rio do setor de metalurgia.<\/p>\n<p>&nbsp;<\/p>\n<p><b>Votos necess\u00e1rios<\/b><\/p>\n<p>&nbsp;<\/p>\n<p>O desejo de que a crise se resolva r\u00e1pido, se poss\u00edvel at\u00e9 6 de junho, quando o Tribunal Superior Eleitoral (TSE) deve julgar a chapa Dilma-Temer, tamb\u00e9m impera entre integrantes da equipe econ\u00f4mica. Oficialmente, os t\u00e9cnicos dizem que trabalham com a perman\u00eancia de Temer no poder, mas, nos bastidores, todos reconhecem que uma mudan\u00e7a no poder, por meio de um grande acordo pol\u00edtico, pode facilitar a aprova\u00e7\u00e3o das reformas, especialmente a da Previd\u00eancia Social.<\/p>\n<p>&nbsp;<\/p>\n<p>Para t\u00e9cnicos da equipe econ\u00f4mica, a base atual do governo n\u00e3o garante nem a metade dos votos m\u00ednimos (308) necess\u00e1rios para a aprova\u00e7\u00e3o de mudan\u00e7as no sistema previdenci\u00e1rio. Ressaltam ainda que o apoio pol\u00edtico a Temer se esfacelou. At\u00e9 a dela\u00e7\u00e3o dos donos da JBS, o Planalto j\u00e1 havia contabilizado pelo menos 320 votos para sacramentar, em dois turnos na C\u00e2mara, a reforma da Previd\u00eancia. \u201cAgora, estamos num buraco escuro, que ningu\u00e9m sabe aonde vai dar\u201d, diz um dos t\u00e9cnicos. A fatura da incerteza, mais uma vez, ser\u00e1 paga pelo lado mais fraco do sistema, a popula\u00e7\u00e3o.<\/p>\n<p>&nbsp;<\/p>\n<p><i>Bras\u00edlia, 06h30min<\/i><\/p>\n","protected":false},"excerpt":{"rendered":"<p>O presidente Michel Temer se movimentou ativamente nos \u00faltimos dias para obter apoio entre empres\u00e1rios e investidores. Em troca, refor\u00e7ou o compromisso de aprovar as reformas trabalhista e da Previd\u00eancia assim que poss\u00edvel e, sobretudo, de manter intacta a pol\u00edtica econ\u00f4mica. Num primeiro momento, os donos do dinheiro decidiram dar um voto de confian\u00e7a ao [&hellip;]<\/p>\n","protected":false},"author":22,"featured_media":0,"comment_status":"open","ping_status":"closed","sticky":false,"template":"","format":"standard","meta":{"footnotes":""},"categories":[600],"tags":[1540,301,199,111,31,590],"class_list":["post-4907","post","type-post","status-publish","format-standard","hentry","category-economia","tag-crise-politica","tag-empresarios","tag-investidores","tag-michel-temer","tag-recessao","tag-renuncia"],"_links":{"self":[{"href":"https:\/\/blogs.correiobraziliense.com.br\/vicente\/wp-json\/wp\/v2\/posts\/4907","targetHints":{"allow":["GET"]}}],"collection":[{"href":"https:\/\/blogs.correiobraziliense.com.br\/vicente\/wp-json\/wp\/v2\/posts"}],"about":[{"href":"https:\/\/blogs.correiobraziliense.com.br\/vicente\/wp-json\/wp\/v2\/types\/post"}],"author":[{"embeddable":true,"href":"https:\/\/blogs.correiobraziliense.com.br\/vicente\/wp-json\/wp\/v2\/users\/22"}],"replies":[{"embeddable":true,"href":"https:\/\/blogs.correiobraziliense.com.br\/vicente\/wp-json\/wp\/v2\/comments?post=4907"}],"version-history":[{"count":3,"href":"https:\/\/blogs.correiobraziliense.com.br\/vicente\/wp-json\/wp\/v2\/posts\/4907\/revisions"}],"predecessor-version":[{"id":4914,"href":"https:\/\/blogs.correiobraziliense.com.br\/vicente\/wp-json\/wp\/v2\/posts\/4907\/revisions\/4914"}],"wp:attachment":[{"href":"https:\/\/blogs.correiobraziliense.com.br\/vicente\/wp-json\/wp\/v2\/media?parent=4907"}],"wp:term":[{"taxonomy":"category","embeddable":true,"href":"https:\/\/blogs.correiobraziliense.com.br\/vicente\/wp-json\/wp\/v2\/categories?post=4907"},{"taxonomy":"post_tag","embeddable":true,"href":"https:\/\/blogs.correiobraziliense.com.br\/vicente\/wp-json\/wp\/v2\/tags?post=4907"}],"curies":[{"name":"wp","href":"https:\/\/api.w.org\/{rel}","templated":true}]}}