{"id":4899,"date":"2017-05-22T15:16:42","date_gmt":"2017-05-22T18:16:42","guid":{"rendered":"https:\/\/blogs.correiobraziliense.com.br\/vicente\/?p=4899"},"modified":"2017-05-22T15:16:42","modified_gmt":"2017-05-22T18:16:42","slug":"4899-2","status":"publish","type":"post","link":"https:\/\/blogs.correiobraziliense.com.br\/vicente\/4899-2\/","title":{"rendered":"Defesa de Guilherme Lacerda nega irregularidades"},"content":{"rendered":"<p class=\"p1\">\n<p class=\"p1\">POR ANTONIO TEM\u00d3TEO<\/p>\n<p class=\"p1\">\n<p class=\"p1\">O advogado do ex-presidente da Funcef Guilherme Lacerda, Rafael Favetti, informou que o cliente n\u00e3o\u00a0foi benefici\u00e1rio do suposto sistema de propinas relatado por Joesley Batista, presidente da J&amp;F, em dela\u00e7\u00e3o premiada. Conforme ele, as investiga\u00e7\u00f5es da Pol\u00edcia Federal (PF) e do Minist\u00e9rio P\u00fablico Federal (MPF) na Opera\u00e7\u00e3o Greenfield conclu\u00edram n\u00e3o ter havido varia\u00e7\u00e3o patrimonial irregular do ex-dirigente.<\/p>\n<p class=\"p1\">\n<p class=\"p1\">Em dela\u00e7\u00e3o premiada, Joesley relatou que negociou o pagamento de 1% em propina dos aportes da Funcef em empresas do grupo J&amp;F. Ele ainda comentou que o primeiro repasse de recursos il\u00edcitos ocorreu quando o fundo de pens\u00e3o dos empregados da Caixa Econ\u00f4mica Federal comprou 25% do FIP Florestal por R$ 275 milh\u00f5es.<\/p>\n<p class=\"p1\">\n<p class=\"p1\">\n","protected":false},"excerpt":{"rendered":"<p>POR ANTONIO TEM\u00d3TEO O advogado do ex-presidente da Funcef Guilherme Lacerda, Rafael Favetti, informou que o cliente n\u00e3o\u00a0foi benefici\u00e1rio do suposto sistema de propinas relatado por Joesley Batista, presidente da J&amp;F, em dela\u00e7\u00e3o premiada. Conforme ele, as investiga\u00e7\u00f5es da Pol\u00edcia Federal (PF) e do Minist\u00e9rio P\u00fablico Federal (MPF) na Opera\u00e7\u00e3o Greenfield conclu\u00edram n\u00e3o ter havido [&hellip;]<\/p>\n","protected":false},"author":22,"featured_media":0,"comment_status":"open","ping_status":"closed","sticky":false,"template":"","format":"standard","meta":{"footnotes":""},"categories":[600],"tags":[2277,109,2272,1400,126,478,2276,2278],"class_list":["post-4899","post","type-post","status-publish","format-standard","hentry","category-economia","tag-fip-florestal","tag-funcef","tag-guilherme-lacerda","tag-mpf","tag-policia-federal","tag-propina","tag-r-275-milhoes","tag-rafael-favetti"],"_links":{"self":[{"href":"https:\/\/blogs.correiobraziliense.com.br\/vicente\/wp-json\/wp\/v2\/posts\/4899","targetHints":{"allow":["GET"]}}],"collection":[{"href":"https:\/\/blogs.correiobraziliense.com.br\/vicente\/wp-json\/wp\/v2\/posts"}],"about":[{"href":"https:\/\/blogs.correiobraziliense.com.br\/vicente\/wp-json\/wp\/v2\/types\/post"}],"author":[{"embeddable":true,"href":"https:\/\/blogs.correiobraziliense.com.br\/vicente\/wp-json\/wp\/v2\/users\/22"}],"replies":[{"embeddable":true,"href":"https:\/\/blogs.correiobraziliense.com.br\/vicente\/wp-json\/wp\/v2\/comments?post=4899"}],"version-history":[{"count":1,"href":"https:\/\/blogs.correiobraziliense.com.br\/vicente\/wp-json\/wp\/v2\/posts\/4899\/revisions"}],"predecessor-version":[{"id":4900,"href":"https:\/\/blogs.correiobraziliense.com.br\/vicente\/wp-json\/wp\/v2\/posts\/4899\/revisions\/4900"}],"wp:attachment":[{"href":"https:\/\/blogs.correiobraziliense.com.br\/vicente\/wp-json\/wp\/v2\/media?parent=4899"}],"wp:term":[{"taxonomy":"category","embeddable":true,"href":"https:\/\/blogs.correiobraziliense.com.br\/vicente\/wp-json\/wp\/v2\/categories?post=4899"},{"taxonomy":"post_tag","embeddable":true,"href":"https:\/\/blogs.correiobraziliense.com.br\/vicente\/wp-json\/wp\/v2\/tags?post=4899"}],"curies":[{"name":"wp","href":"https:\/\/api.w.org\/{rel}","templated":true}]}}