{"id":4896,"date":"2017-05-22T13:57:44","date_gmt":"2017-05-22T16:57:44","guid":{"rendered":"https:\/\/blogs.correiobraziliense.com.br\/vicente\/?p=4896"},"modified":"2017-05-22T14:00:26","modified_gmt":"2017-05-22T17:00:26","slug":"previc-investiga-fraudes-de-ex-dirigentes-da-petros-e-da-funcef","status":"publish","type":"post","link":"https:\/\/blogs.correiobraziliense.com.br\/vicente\/previc-investiga-fraudes-de-ex-dirigentes-da-petros-e-da-funcef\/","title":{"rendered":"Previc investiga fraudes de ex-dirigentes da Petros e da Funcef"},"content":{"rendered":"<p class=\"p1\">POR ANTONIO TEM\u00d3TEO<\/p>\n<p class=\"p1\">A Superintend\u00eancia Nacional de Previd\u00eancia Complementar (Previc) informou que investiga os pagamentos de propina relatados por Joesley Batista, presidente da J&amp;F, em dela\u00e7\u00e3o premiada, a ex-presidentes da Petros e da Funcef. Conforme o xerife dos fundos de pens\u00e3o, dois autos de infra\u00e7\u00e3o tramitam na na autarquia.<\/p>\n<p class=\"p1\">Um deles, foi instaurado em mar\u00e7o do ano passado e o outro em janeiro de 2017. A Previc ainda detalhou que\u00a0as ocorr\u00eancias foram identificadas pela \u00e1rea de fiscaliza\u00e7\u00e3o e pela central de riscos da autarquia, unidade criada em 2015 para avaliar riscos prospectivos e fortalecer a\u00e7\u00f5es de monitoramento.<\/p>\n<p class=\"p1\">Nos dois casos,\u00a0representa\u00e7\u00f5es foram encaminhadas para o Minist\u00e9rio P\u00fablico Federal (MPF). As investiga\u00e7\u00f5es prosseguem sob sigilo nos termos da Lei e a Previc detalhou que segue colaborando, na esfera penal, com os \u00f3rg\u00e3os de investiga\u00e7\u00e3o, fiscaliza\u00e7\u00e3o e controle.<\/p>\n","protected":false},"excerpt":{"rendered":"<p>POR ANTONIO TEM\u00d3TEO A Superintend\u00eancia Nacional de Previd\u00eancia Complementar (Previc) informou que investiga os pagamentos de propina relatados por Joesley Batista, presidente da J&amp;F, em dela\u00e7\u00e3o premiada, a ex-presidentes da Petros e da Funcef. Conforme o xerife dos fundos de pens\u00e3o, dois autos de infra\u00e7\u00e3o tramitam na na autarquia. Um deles, foi instaurado em mar\u00e7o [&hellip;]<\/p>\n","protected":false},"author":22,"featured_media":0,"comment_status":"open","ping_status":"closed","sticky":false,"template":"","format":"standard","meta":{"footnotes":""},"categories":[600],"tags":[2274,1276,2275,109,1187,558,371,251],"class_list":["post-4896","post","type-post","status-publish","format-standard","hentry","category-economia","tag-autos-de-infracao","tag-delacao-premiada","tag-ex-presidentes","tag-funcef","tag-jf","tag-joesley-batista","tag-petros","tag-previc"],"_links":{"self":[{"href":"https:\/\/blogs.correiobraziliense.com.br\/vicente\/wp-json\/wp\/v2\/posts\/4896","targetHints":{"allow":["GET"]}}],"collection":[{"href":"https:\/\/blogs.correiobraziliense.com.br\/vicente\/wp-json\/wp\/v2\/posts"}],"about":[{"href":"https:\/\/blogs.correiobraziliense.com.br\/vicente\/wp-json\/wp\/v2\/types\/post"}],"author":[{"embeddable":true,"href":"https:\/\/blogs.correiobraziliense.com.br\/vicente\/wp-json\/wp\/v2\/users\/22"}],"replies":[{"embeddable":true,"href":"https:\/\/blogs.correiobraziliense.com.br\/vicente\/wp-json\/wp\/v2\/comments?post=4896"}],"version-history":[{"count":2,"href":"https:\/\/blogs.correiobraziliense.com.br\/vicente\/wp-json\/wp\/v2\/posts\/4896\/revisions"}],"predecessor-version":[{"id":4898,"href":"https:\/\/blogs.correiobraziliense.com.br\/vicente\/wp-json\/wp\/v2\/posts\/4896\/revisions\/4898"}],"wp:attachment":[{"href":"https:\/\/blogs.correiobraziliense.com.br\/vicente\/wp-json\/wp\/v2\/media?parent=4896"}],"wp:term":[{"taxonomy":"category","embeddable":true,"href":"https:\/\/blogs.correiobraziliense.com.br\/vicente\/wp-json\/wp\/v2\/categories?post=4896"},{"taxonomy":"post_tag","embeddable":true,"href":"https:\/\/blogs.correiobraziliense.com.br\/vicente\/wp-json\/wp\/v2\/tags?post=4896"}],"curies":[{"name":"wp","href":"https:\/\/api.w.org\/{rel}","templated":true}]}}