{"id":4890,"date":"2017-05-19T17:33:57","date_gmt":"2017-05-19T20:33:57","guid":{"rendered":"https:\/\/blogs.correiobraziliense.com.br\/vicente\/?p=4890"},"modified":"2017-05-19T17:33:57","modified_gmt":"2017-05-19T20:33:57","slug":"risco-pais-cai-para-247-pontos-apos-atingir-265-pontos-ontem","status":"publish","type":"post","link":"https:\/\/blogs.correiobraziliense.com.br\/vicente\/risco-pais-cai-para-247-pontos-apos-atingir-265-pontos-ontem\/","title":{"rendered":"Risco pa\u00eds cai para 247 pontos ap\u00f3s atingir 265 pontos ontem"},"content":{"rendered":"<p>POR ANTONIO TEM\u00d3TEO<\/p>\n<p>&nbsp;<\/p>\n<p>O risco pa\u00eds, medido pelos Credit Default Swaps (CDS), caiu para 247 pontos hoje. No preg\u00e3o de ontem, o seguro contra calote terminou o dia em 265 pontos. Antes da divulga\u00e7\u00e3o da dela\u00e7\u00e3o de Joesley Batista, o instrumento de prote\u00e7\u00e3o estava abaixo dos 200 pontos.<\/p>\n<p>&nbsp;<\/p>\n<p>A crise pol\u00edtica ter\u00e1 papel determinante na varia\u00e7\u00e3o dos CDS brasileiros nos pr\u00f3ximos dias. Grande parte dos analistas avalia que a ren\u00fancia do presidente Michel Temer seria a \u00fanica medida para acalmar os mercados. H\u00e1 quem aposte que isso pode ocorrer durante o fim de semana.<\/p>\n<p>&nbsp;<\/p>\n<p>Quem conhece Bras\u00edlia sabe que o &#8220;poder&#8221; \u00e9 viciante e s\u00e3o raros os casos de pessoas desapegadas. A chance de o turbilh\u00e3o pol\u00edtico piorar n\u00e3o \u00e9 desprez\u00edvel, o que pode agravar ainda mais a recess\u00e3o econ\u00f4mica. Os pr\u00f3ximos dias ser\u00e3o determinantes.<\/p>\n","protected":false},"excerpt":{"rendered":"<p>POR ANTONIO TEM\u00d3TEO &nbsp; O risco pa\u00eds, medido pelos Credit Default Swaps (CDS), caiu para 247 pontos hoje. No preg\u00e3o de ontem, o seguro contra calote terminou o dia em 265 pontos. Antes da divulga\u00e7\u00e3o da dela\u00e7\u00e3o de Joesley Batista, o instrumento de prote\u00e7\u00e3o estava abaixo dos 200 pontos. &nbsp; A crise pol\u00edtica ter\u00e1 papel [&hellip;]<\/p>\n","protected":false},"author":22,"featured_media":0,"comment_status":"open","ping_status":"closed","sticky":false,"template":"","format":"standard","meta":{"footnotes":""},"categories":[600],"tags":[2269,2233,2268],"class_list":["post-4890","post","type-post","status-publish","format-standard","hentry","category-economia","tag-cds","tag-risco-pais","tag-seguro-contra-calote"],"_links":{"self":[{"href":"https:\/\/blogs.correiobraziliense.com.br\/vicente\/wp-json\/wp\/v2\/posts\/4890","targetHints":{"allow":["GET"]}}],"collection":[{"href":"https:\/\/blogs.correiobraziliense.com.br\/vicente\/wp-json\/wp\/v2\/posts"}],"about":[{"href":"https:\/\/blogs.correiobraziliense.com.br\/vicente\/wp-json\/wp\/v2\/types\/post"}],"author":[{"embeddable":true,"href":"https:\/\/blogs.correiobraziliense.com.br\/vicente\/wp-json\/wp\/v2\/users\/22"}],"replies":[{"embeddable":true,"href":"https:\/\/blogs.correiobraziliense.com.br\/vicente\/wp-json\/wp\/v2\/comments?post=4890"}],"version-history":[{"count":1,"href":"https:\/\/blogs.correiobraziliense.com.br\/vicente\/wp-json\/wp\/v2\/posts\/4890\/revisions"}],"predecessor-version":[{"id":4891,"href":"https:\/\/blogs.correiobraziliense.com.br\/vicente\/wp-json\/wp\/v2\/posts\/4890\/revisions\/4891"}],"wp:attachment":[{"href":"https:\/\/blogs.correiobraziliense.com.br\/vicente\/wp-json\/wp\/v2\/media?parent=4890"}],"wp:term":[{"taxonomy":"category","embeddable":true,"href":"https:\/\/blogs.correiobraziliense.com.br\/vicente\/wp-json\/wp\/v2\/categories?post=4890"},{"taxonomy":"post_tag","embeddable":true,"href":"https:\/\/blogs.correiobraziliense.com.br\/vicente\/wp-json\/wp\/v2\/tags?post=4890"}],"curies":[{"name":"wp","href":"https:\/\/api.w.org\/{rel}","templated":true}]}}