{"id":4886,"date":"2017-05-19T12:42:39","date_gmt":"2017-05-19T15:42:39","guid":{"rendered":"https:\/\/blogs.correiobraziliense.com.br\/vicente\/?p=4886"},"modified":"2017-05-19T16:11:13","modified_gmt":"2017-05-19T19:11:13","slug":"planos-de-saude-terao-reajustes-de-1355-partir-de-maio","status":"publish","type":"post","link":"https:\/\/blogs.correiobraziliense.com.br\/vicente\/planos-de-saude-terao-reajustes-de-1355-partir-de-maio\/","title":{"rendered":"Planos de sa\u00fade ter\u00e3o reajustes de 13,55% a partir de maio"},"content":{"rendered":"<h2>HAMILTON FERRARI<\/h2>\n<h2><\/h2>\n<h2>Os consumidores devem preparar o bolso. A Ag\u00eancia Nacional de Sa\u00fade Suplementar (ANS) autorizou nesta sexta-feira, 19, reajuste de at\u00e9 13,55% para os planos de sa\u00fade individuais ou familiares no per\u00edodo compreendido entre maio de 2017 e abril de 2018. O aumento \u00e9 v\u00e1lido para os conv\u00eanios contratados a partir de janeiro de 1999 ou adaptados \u00e0 Lei n\u00ba 9.656\/98. O aumento atinge 8,2 milh\u00f5es de benefici\u00e1rios (17% dos consumidores de planos no Brasil).<\/h2>\n<p>&nbsp;<\/p>\n<p>O aumento \u00e9 tr\u00eas vezes maior do que a infla\u00e7\u00e3o de 4,08% acumulada nos 12 meses terminados em abril. Para os especialistas, a decis\u00e3o da ANS \u00e9 um choque no or\u00e7amento das fam\u00edlias. N\u00e3o por acaso, muitas pessoas est\u00e3o abrindo m\u00e3o do conv\u00eanio m\u00e9dico. N\u00e3o podem pagar mais. A sa\u00edda de planos de sa\u00fade se d\u00e1 tamb\u00e9m por causa do desemprego: 14,2 milh\u00f5es de pessoas est\u00e3o sem trabalho.<\/p>\n<p>&nbsp;<\/p>\n<p>Os especialistas ressaltam, ainda, que, mesmo com os constantes reajustes das mensalidades acima da infla\u00e7\u00e3o, as operadoras t\u00eam, constantemente, recusado cobertura para tratamentos. Por isso, mais e mais consumidores t\u00eam recorrido \u00e0 Justi\u00e7a, um processo desgastante para todos.<\/p>\n<p>&nbsp;<\/p>\n<p>Segundo o advogado Rafael Robba, especialista em direito \u00e0 sa\u00fade, as reclama\u00e7\u00f5es na Justi\u00e7a contra os planos aumentam cada vez mais, pois os consumidores est\u00e3o insatisfeitos com descredenciamentos abusivos de hospitais e m\u00e9dicos, negativas de atendimentos e a demora na autoriza\u00e7\u00e3o de tratamentos emergenciais.<\/p>\n<p>&nbsp;<\/p>\n<p>&#8220;O valor \u00e9 muito alto para o pouco retorno em qualidade de atendimento que o paciente precisa. Hoje, o que mais vemos \u00e9 a judicializa\u00e7\u00e3o crescente da sa\u00fade por causa desses problemas. Al\u00e9m do mais, o percentual sempre ser\u00e1 alto por considerar a m\u00e9dia dos reajustes aplicados em planos coletivos, que n\u00e3o t\u00eam esse \u00edndice regulamentado&#8221;, afirma o especialista.<\/p>\n<p>&nbsp;<\/p>\n<p>O que se v\u00ea \u00e9 que a ANS est\u00e1 muito mais preocupada em atender os pleitos das empresas do que em proteger os consumidores. A tend\u00eancia, com o reajuste de 13,55%, \u00e9 de que mais pessoas enfrentem dificuldades para honrar as mensalidades.<\/p>\n<p>&nbsp;<\/p>\n<p><em>Bras\u00edlia, 12h45min<\/em><\/p>\n","protected":false},"excerpt":{"rendered":"<p>HAMILTON FERRARI Os consumidores devem preparar o bolso. A Ag\u00eancia Nacional de Sa\u00fade Suplementar (ANS) autorizou nesta sexta-feira, 19, reajuste de at\u00e9 13,55% para os planos de sa\u00fade individuais ou familiares no per\u00edodo compreendido entre maio de 2017 e abril de 2018. O aumento \u00e9 v\u00e1lido para os conv\u00eanios contratados a partir de janeiro de [&hellip;]<\/p>\n","protected":false},"author":22,"featured_media":0,"comment_status":"open","ping_status":"closed","sticky":false,"template":"","format":"standard","meta":{"footnotes":""},"categories":[600],"tags":[2266,14,2267,215,2265],"class_list":["post-4886","post","type-post","status-publish","format-standard","hentry","category-economia","tag-descredenciamento","tag-inflacao","tag-pessimos-servicos","tag-planos-de-saude","tag-planos-individuais-e-familiares"],"_links":{"self":[{"href":"https:\/\/blogs.correiobraziliense.com.br\/vicente\/wp-json\/wp\/v2\/posts\/4886","targetHints":{"allow":["GET"]}}],"collection":[{"href":"https:\/\/blogs.correiobraziliense.com.br\/vicente\/wp-json\/wp\/v2\/posts"}],"about":[{"href":"https:\/\/blogs.correiobraziliense.com.br\/vicente\/wp-json\/wp\/v2\/types\/post"}],"author":[{"embeddable":true,"href":"https:\/\/blogs.correiobraziliense.com.br\/vicente\/wp-json\/wp\/v2\/users\/22"}],"replies":[{"embeddable":true,"href":"https:\/\/blogs.correiobraziliense.com.br\/vicente\/wp-json\/wp\/v2\/comments?post=4886"}],"version-history":[{"count":3,"href":"https:\/\/blogs.correiobraziliense.com.br\/vicente\/wp-json\/wp\/v2\/posts\/4886\/revisions"}],"predecessor-version":[{"id":4889,"href":"https:\/\/blogs.correiobraziliense.com.br\/vicente\/wp-json\/wp\/v2\/posts\/4886\/revisions\/4889"}],"wp:attachment":[{"href":"https:\/\/blogs.correiobraziliense.com.br\/vicente\/wp-json\/wp\/v2\/media?parent=4886"}],"wp:term":[{"taxonomy":"category","embeddable":true,"href":"https:\/\/blogs.correiobraziliense.com.br\/vicente\/wp-json\/wp\/v2\/categories?post=4886"},{"taxonomy":"post_tag","embeddable":true,"href":"https:\/\/blogs.correiobraziliense.com.br\/vicente\/wp-json\/wp\/v2\/tags?post=4886"}],"curies":[{"name":"wp","href":"https:\/\/api.w.org\/{rel}","templated":true}]}}