{"id":4881,"date":"2017-05-19T06:41:23","date_gmt":"2017-05-19T09:41:23","guid":{"rendered":"https:\/\/blogs.correiobraziliense.com.br\/vicente\/?p=4881"},"modified":"2017-05-19T10:08:26","modified_gmt":"2017-05-19T13:08:26","slug":"coluna-no-correio-o-inacreditavel-pais-da-corrupcao","status":"publish","type":"post","link":"https:\/\/blogs.correiobraziliense.com.br\/vicente\/coluna-no-correio-o-inacreditavel-pais-da-corrupcao\/","title":{"rendered":"Coluna no Correio: O inacredit\u00e1vel pa\u00eds da corrup\u00e7\u00e3o"},"content":{"rendered":"<h2>O som \u00e9 ruim, mas a perplexidade \u00e9 enorme ao ouvir a grava\u00e7\u00e3o da conversa de Joesley Batista, dono do grupo JBS, com o presidente Michel Temer no Pal\u00e1cio do Jaburu. Como se estivesse no bar da esquina e n\u00e3o na resid\u00eancia da autoridade m\u00e1xima do pa\u00eds, o empres\u00e1rio relata atos de corrup\u00e7\u00e3o que, por obriga\u00e7\u00e3o, Temer teria que denunciar \u00e0 Justi\u00e7a imediatamente.<\/h2>\n<p>&nbsp;<\/p>\n<p>Logo no in\u00edcio do, digamos, bate-papo entre amigos, Joesley diz ao presidente que corrompeu dois ju\u00edzes e um procurador da Rep\u00fablica para proteger seus interesses e, sem cerim\u00f4nia, pede \u2014 e recebe \u2014 apoio para pressionar o ministro da Fazenda, Henrique Meirelles, a interferir em \u00f3rg\u00e3os p\u00fablicos, como a Receita Federal, a Comiss\u00e3o de Valores Mobili\u00e1rios (CVM) e o Conselho Administrativo de Defesa da Concorr\u00eancia (Cade).<\/p>\n<p>&nbsp;<\/p>\n<p>A rea\u00e7\u00e3o singela de Temer ante um empres\u00e1rio que est\u00e1 sendo investigado em seis opera\u00e7\u00f5es da Pol\u00edcia Federal refor\u00e7a a complac\u00eancia do presidente com a corrup\u00e7\u00e3o. Ele, inclusive, recomenda a Joesley que trate todos os assuntos de interesse dele com Rodrigo Rocha Loures, ent\u00e3o assessor presidencial, por ser uma pessoa de \u201cestrita confian\u00e7a\u201d. O empres\u00e1rio havia se queixado que seu interlocutor no governo, Geddel Vieira Lima, havia ca\u00eddo da Secretaria de Governo depois de pressionar Marcelo Calero, ex-ministro da Cultura, a liberar a constru\u00e7\u00e3o de um pr\u00e9dio em \u00e1rea tombada de Salvador.<\/p>\n<p>&nbsp;<\/p>\n<p>Apesar desse comportamento nada republicano, Temer diz que n\u00e3o fez nada de errado. Em pronunciamento p\u00fablico, fez quest\u00e3o de enfatizar, por duas vezes, que n\u00e3o renunciaria ao mandato. O presidente ter\u00e1, por\u00e9m, que provar sua inoc\u00eancia em processo aberto pelo Supremo Tribunal Federal (STF). Ter\u00e1, inclusive, que explicar os quase R$ 500 mil que seu ex-assessor e hoje deputado, Rodrigo Rocha Loures, recebeu da JBS. A entrega do dinheiro foi toda filmada.<\/p>\n<p>&nbsp;<\/p>\n<p><b>Buracos no discurso<\/b><\/p>\n<p>&nbsp;<\/p>\n<p>Ao adotar um discurso duro para dizer que n\u00e3o renunciaria, Temer tentou mostrar for\u00e7a. Mas n\u00e3o convenceu. Admitiu apenas o encontro no Pal\u00e1cio do Jaburu com Joesley. N\u00e3o deu nenhuma explica\u00e7\u00e3o sobre a propina recebida por Loures. Sequer cogitou dizer por que n\u00e3o denunciou o dono da JBS \u00e0 Justi\u00e7a. O empres\u00e1rio havia lhe confessado v\u00e1rios crimes. Isso coloca Temer em uma situa\u00e7\u00e3o muito pior do que a de Dilma Rousseff quando ela foi apeada do poder.<\/p>\n<p>&nbsp;<\/p>\n<p>N\u00e3o h\u00e1 d\u00favidas de que a decis\u00e3o de Temer de permanecer no cargo custar\u00e1 caro ao pa\u00eds. A economia sangrar\u00e1. \u00c9 imposs\u00edvel se conviver com tantas incertezas. Temer ressaltou, em seu discurso, que o Brasil havia conseguido dar passos importantes nos \u00faltimos meses, com sinais de retomada da economia, queda dos juros e infla\u00e7\u00e3o sob controle. Tudo isso poder\u00e1 se perder justamente pelas d\u00favidas que pairam sobre o pa\u00eds. Ningu\u00e9m \u00e9 capaz, hoje, de dizer se o peemedebista conseguir\u00e1 terminar o mandato. \u00c9 grande, por sinal, a chance de ele ser cassado pelo Tribunal Superior Eleitoral (TSE) em 6 de junho, no julgamento da chapa da qual foi vice de Dilma.<\/p>\n<p>&nbsp;<\/p>\n<p>Para analistas, Temer n\u00e3o saiu do governo, mas o governo saiu dele. S\u00e3o poucos os especialistas que ainda apostam na capacidade do presidente de manter a base aliada do Congresso unida para levar adiante as reformas trabalhista e da Previd\u00eancia Social. Se as mudan\u00e7as no mercado de trabalho e no sistema de aposentadorias n\u00e3o sa\u00edrem, a perspectiva \u00e9 de que o Brasil volte a mergulhar na recess\u00e3o. A destrui\u00e7\u00e3o de riquezas foi expl\u00edcita ontem. Apenas o valor de mercado das a\u00e7\u00f5es do Banco do Brasil recuou R$ 5,5 bilh\u00f5es. J\u00e1 a Petrobras encolheu R$ 4,8 bilh\u00f5es.<\/p>\n<p>&nbsp;<\/p>\n<p><b>Alerta m\u00e1ximo<\/b><\/p>\n<p>&nbsp;<\/p>\n<p>Aos aliados Temer diz que dobrar\u00e1 as apostas. Ele acredita que conseguir\u00e1 aprovar as reformas, mesmo que precise de um pouco mais de tempo. A equipe econ\u00f4mica n\u00e3o est\u00e1 t\u00e3o confiante. Para v\u00e1rios t\u00e9cnicos, o calend\u00e1rio das vota\u00e7\u00f5es se alongar\u00e1 muito al\u00e9m do desejado e o risco de os projetos serem escanteados \u00e9 grande. \u201cO governo diminuiu muito de tamanho. Talvez tenha ficado pequeno demais para levar adiante temas t\u00e3o pol\u00eamicos quanto a reforma da Previd\u00eancia\u201d, destaca um t\u00e9cnico. Para ele, nas pr\u00f3ximas semanas, o Planalto s\u00f3 ter\u00e1 energia para lidar com a crise que abalou a Rep\u00fablica.<\/p>\n<p>&nbsp;<\/p>\n<p>Na avalia\u00e7\u00e3o da equipe econ\u00f4mica, a cada nova den\u00fancia constante nas dela\u00e7\u00f5es dos irm\u00e3os Joesley e Wesley Batista, o governo vai balan\u00e7ar e ficar\u00e1 mais fraco. Nesse contexto, ser\u00e1 dif\u00edcil convencer os investidores de que a casa se manter\u00e1 de p\u00e9. \u201cA sensa\u00e7\u00e3o \u00e9 de que voltamos ao auge da crise de 2015, quando a economia entrou em um fosso sem fundo, resultando em dois anos de recess\u00e3o, da qual ainda ensaiamos sair\u201d, afirma um interlocutor com bom tr\u00e2nsito no Pal\u00e1cio do Planalto. Agora, ressalta, n\u00e3o ser\u00e1 mais um dia depois de outro, mas uma hora depois da hora. O pa\u00eds entrou em alerta m\u00e1ximo.<\/p>\n<p>&nbsp;<\/p>\n<p><i>Bras\u00edlia, 06h41min<\/i><\/p>\n","protected":false},"excerpt":{"rendered":"<p>O som \u00e9 ruim, mas a perplexidade \u00e9 enorme ao ouvir a grava\u00e7\u00e3o da conversa de Joesley Batista, dono do grupo JBS, com o presidente Michel Temer no Pal\u00e1cio do Jaburu. Como se estivesse no bar da esquina e n\u00e3o na resid\u00eancia da autoridade m\u00e1xima do pa\u00eds, o empres\u00e1rio relata atos de corrup\u00e7\u00e3o que, por [&hellip;]<\/p>\n","protected":false},"author":22,"featured_media":0,"comment_status":"open","ping_status":"closed","sticky":false,"template":"","format":"standard","meta":{"footnotes":""},"categories":[600],"tags":[2263,21,558,736,111,2262,2264],"class_list":["post-4881","post","type-post","status-publish","format-standard","hentry","category-economia","tag-crime","tag-henrique-meirelles","tag-joesley-batista","tag-juizes","tag-michel-temer","tag-omissao","tag-procurador-da-republica"],"_links":{"self":[{"href":"https:\/\/blogs.correiobraziliense.com.br\/vicente\/wp-json\/wp\/v2\/posts\/4881","targetHints":{"allow":["GET"]}}],"collection":[{"href":"https:\/\/blogs.correiobraziliense.com.br\/vicente\/wp-json\/wp\/v2\/posts"}],"about":[{"href":"https:\/\/blogs.correiobraziliense.com.br\/vicente\/wp-json\/wp\/v2\/types\/post"}],"author":[{"embeddable":true,"href":"https:\/\/blogs.correiobraziliense.com.br\/vicente\/wp-json\/wp\/v2\/users\/22"}],"replies":[{"embeddable":true,"href":"https:\/\/blogs.correiobraziliense.com.br\/vicente\/wp-json\/wp\/v2\/comments?post=4881"}],"version-history":[{"count":2,"href":"https:\/\/blogs.correiobraziliense.com.br\/vicente\/wp-json\/wp\/v2\/posts\/4881\/revisions"}],"predecessor-version":[{"id":4883,"href":"https:\/\/blogs.correiobraziliense.com.br\/vicente\/wp-json\/wp\/v2\/posts\/4881\/revisions\/4883"}],"wp:attachment":[{"href":"https:\/\/blogs.correiobraziliense.com.br\/vicente\/wp-json\/wp\/v2\/media?parent=4881"}],"wp:term":[{"taxonomy":"category","embeddable":true,"href":"https:\/\/blogs.correiobraziliense.com.br\/vicente\/wp-json\/wp\/v2\/categories?post=4881"},{"taxonomy":"post_tag","embeddable":true,"href":"https:\/\/blogs.correiobraziliense.com.br\/vicente\/wp-json\/wp\/v2\/tags?post=4881"}],"curies":[{"name":"wp","href":"https:\/\/api.w.org\/{rel}","templated":true}]}}