{"id":4878,"date":"2017-05-18T19:01:06","date_gmt":"2017-05-18T22:01:06","guid":{"rendered":"https:\/\/blogs.correiobraziliense.com.br\/vicente\/?p=4878"},"modified":"2017-05-18T19:57:00","modified_gmt":"2017-05-18T22:57:00","slug":"joesley-pede-temer-apoio-para-pressionar-meirelles","status":"publish","type":"post","link":"https:\/\/blogs.correiobraziliense.com.br\/vicente\/joesley-pede-temer-apoio-para-pressionar-meirelles\/","title":{"rendered":"Joesley pediu a Temer apoio para pressionar Meirelles"},"content":{"rendered":"<p>Na grava\u00e7\u00e3o feita feita por Joesley Batista, dono do grupo JBS, o presidente Michel Temer d\u00e1 autoriza\u00e7\u00e3o ao empres\u00e1rio para que ele force o ministro da Fazenda, Henrique Meirelles, a atender seus pleitos. Temer recomenda a Joesley que diga ao ministro que os dois est\u00e3o alinhados. &#8220;Quero saber com o senhor quanto mais firme eu posso ir para cima do Henrique. Ele precisa entender que estamos em sintonia&#8221;, diz o dono da JBS. &#8220;Pode fazer&#8221;, responde Temer.<\/p>\n<p>&nbsp;<\/p>\n<p>Joesley diz que Meirelles \u00e9 uma boa pessoa, muito trabalhador, mas sempre que ele toca em um assunto, o ministro acaba transferindo a responsabilidade para o presidente da Rep\u00fablica. &#8220;J\u00e1 falei com ele sobre alguns assuntos&#8221;, ressalta o dono do JBS. Em um dos momentos da conversa, Joesley conta que reclamou com Meirelles sobre o Banco Central.<\/p>\n<p>&nbsp;<\/p>\n<p>O empres\u00e1rio tamb\u00e9m se queixou com Meirelles sobre a indica\u00e7\u00e3o de Maria S\u00edlvia Bastos Marques para a presid\u00eancia do Banco Nacional de Desenvolvimento Econ\u00f4mico e Social (BNDES). O ministro respondeu que o banco estava vinculado ao Minist\u00e9rio do Planejamento, e que aquele era terreno do senador Romero Juc\u00e1 (PMDB-RR). Temer destacou que o BNDES tinha R$ 150 bilh\u00f5es para emprestar, e j\u00e1 havia falado sobre isso com Meirelles.<\/p>\n<p>&nbsp;<\/p>\n<p>Joesley diz a Temer que reclamou ainda com Meirelles da Receita Federal. Disse ao ministro que era preciso mexer no \u00f3rg\u00e3o, que o atual secret\u00e1rio, Jorge Rachid, j\u00e1 estava no cargo havia muito tempo. Que era preciso mexer. O empres\u00e1rio tamb\u00e9m pediu mudan\u00e7as no Conselho de Administra\u00e7\u00e3o de Defesa da Concorr\u00eancia (Cade) e na Comiss\u00e3o de Valores Mobili\u00e1rios (CVM).<\/p>\n<p>&nbsp;<\/p>\n<p>O dono da JBS diz que trabalhou quatro anos com Meirelles (o ministro foi presidente do Conselho de Administra\u00e7\u00e3o da J&amp;F, holding do grupo). &#8220;Sei que se for mais firme sobre ele (Meirelles), ele responde&#8221;, diz o empres\u00e1rio a Temer. O empres\u00e1rio afirma que o ministro \u00e9 muito trabalhador e que o presidente poderia requisit\u00e1-lo para o que fosse. A \u00fanica coisa que Meirelles recusaria era um convite para praia.<\/p>\n<p>&nbsp;<\/p>\n<p><em>Bras\u00edlia, 19h01min<\/em><\/p>\n","protected":false},"excerpt":{"rendered":"<p>Na grava\u00e7\u00e3o feita feita por Joesley Batista, dono do grupo JBS, o presidente Michel Temer d\u00e1 autoriza\u00e7\u00e3o ao empres\u00e1rio para que ele force o ministro da Fazenda, Henrique Meirelles, a atender seus pleitos. Temer recomenda a Joesley que diga ao ministro que os dois est\u00e3o alinhados. &#8220;Quero saber com o senhor quanto mais firme eu [&hellip;]<\/p>\n","protected":false},"author":22,"featured_media":0,"comment_status":"open","ping_status":"closed","sticky":false,"template":"","format":"standard","meta":{"footnotes":""},"categories":[600],"tags":[],"class_list":["post-4878","post","type-post","status-publish","format-standard","hentry","category-economia"],"_links":{"self":[{"href":"https:\/\/blogs.correiobraziliense.com.br\/vicente\/wp-json\/wp\/v2\/posts\/4878","targetHints":{"allow":["GET"]}}],"collection":[{"href":"https:\/\/blogs.correiobraziliense.com.br\/vicente\/wp-json\/wp\/v2\/posts"}],"about":[{"href":"https:\/\/blogs.correiobraziliense.com.br\/vicente\/wp-json\/wp\/v2\/types\/post"}],"author":[{"embeddable":true,"href":"https:\/\/blogs.correiobraziliense.com.br\/vicente\/wp-json\/wp\/v2\/users\/22"}],"replies":[{"embeddable":true,"href":"https:\/\/blogs.correiobraziliense.com.br\/vicente\/wp-json\/wp\/v2\/comments?post=4878"}],"version-history":[{"count":2,"href":"https:\/\/blogs.correiobraziliense.com.br\/vicente\/wp-json\/wp\/v2\/posts\/4878\/revisions"}],"predecessor-version":[{"id":4880,"href":"https:\/\/blogs.correiobraziliense.com.br\/vicente\/wp-json\/wp\/v2\/posts\/4878\/revisions\/4880"}],"wp:attachment":[{"href":"https:\/\/blogs.correiobraziliense.com.br\/vicente\/wp-json\/wp\/v2\/media?parent=4878"}],"wp:term":[{"taxonomy":"category","embeddable":true,"href":"https:\/\/blogs.correiobraziliense.com.br\/vicente\/wp-json\/wp\/v2\/categories?post=4878"},{"taxonomy":"post_tag","embeddable":true,"href":"https:\/\/blogs.correiobraziliense.com.br\/vicente\/wp-json\/wp\/v2\/tags?post=4878"}],"curies":[{"name":"wp","href":"https:\/\/api.w.org\/{rel}","templated":true}]}}