{"id":4869,"date":"2017-05-18T16:14:33","date_gmt":"2017-05-18T19:14:33","guid":{"rendered":"https:\/\/blogs.correiobraziliense.com.br\/vicente\/?p=4869"},"modified":"2017-05-18T16:35:07","modified_gmt":"2017-05-18T19:35:07","slug":"com-temer-no-governo-economia-vai-sangrar","status":"publish","type":"post","link":"https:\/\/blogs.correiobraziliense.com.br\/vicente\/com-temer-no-governo-economia-vai-sangrar\/","title":{"rendered":"Com Temer no governo, economia vai sangrar"},"content":{"rendered":"<h2>O presidente Michel Temer disse, enfaticamente, que n\u00e3o vai renunciar. Repetiu isso duas vezes. Mas ele sabe que perdeu a sustenta\u00e7\u00e3o pol\u00edtica, que n\u00e3o tem mais legitimidade para continuar no cargo. Como se diz no jarg\u00e3o pol\u00edtico, Temer perdeu a governabilidade.<\/h2>\n<p>&nbsp;<\/p>\n<p>O peemedebista, flagrado em grava\u00e7\u00f5es pedindo a um dos donos do grupo JBS Joesley Batista para comprar o sil\u00eancio do ex-deputado Eduardo Cunha, come\u00e7ou o seu discurso falando do bom momento da economia, com a atividade se recuperando, os juros caindo e a infla\u00e7\u00e3o sob controle.<\/p>\n<p>&nbsp;<\/p>\n<p>Mas nada do que se conseguiu de avan\u00e7os da economia at\u00e9 agora vai se sustentar com um governo fraco, sob suspei\u00e7\u00e3o e sem nenhum apoio popular. N\u00e3o h\u00e1 mais garantia de que Temer mantenha a base de sustenta\u00e7\u00e3o no Congresso.<\/p>\n<p>&nbsp;<\/p>\n<p>Certamente, as reformas trabalhista e da Previd\u00eancia Social est\u00e3o enterradas. Para reverter esse quadro t\u00e3o adverso, Temer precisa de uma manifesta\u00e7\u00e3o p\u00fablica de todos os partidos que est\u00e3o na sua base de sustenta\u00e7\u00e3o. Ser\u00e1 muito dif\u00edcil obter\u00a0isso.<\/p>\n<p>&nbsp;<\/p>\n<p>Para conseguir o apoio dos partidos que at\u00e9 ent\u00e3o o apoiavam, Temer precisaria das ruas. Mas elas est\u00e3o completamente contra ele, contra o governo. Sendo assim, as conquistas que se teve at\u00e9 agora na economia podem se perder.<\/p>\n<p>&nbsp;<\/p>\n<p>Antes do pronunciamento de Temer, o ministro da Fazenda, Henrique Meirelles, tratou diretamente com investidores e representantes do Fundo Monet\u00e1rio Internacional (FMI) para acalm\u00e1-los. Disse ainda que, se Temer ca\u00edsse, a equipe econ\u00f4mica seria mantida.<\/p>\n<p>&nbsp;<\/p>\n<p>Uma coisa \u00e9 certa, o governo Temer perdeu a legitimidade. De nada adiantar\u00e1 o presidente falar grosso, dizer que est\u00e1 pronto para responder a todas as acusa\u00e7\u00f5es no processo aberto pelo Supremo Tribunal Federal (STF). A tend\u00eancia \u00e9 de ele ser abandonado aos poucos. Os pol\u00edticos n\u00e3o suportam um presidente fraco.<\/p>\n<p>&nbsp;<\/p>\n<p>Para o pa\u00eds, ser\u00e1 o caos. Estamos h\u00e1 dois anos em recess\u00e3o, com 14,2 milh\u00f5es de desempregados. A situa\u00e7\u00e3o social \u00e9 dif\u00edcil, com a viol\u00eancia se exacerbando em todo o pa\u00eds. Esse quadro n\u00e3o comporta um presidente sem apoio. Temer j\u00e1 caiu.<\/p>\n<p>&nbsp;<\/p>\n<p><em>Bras\u00edlia, 16h14min<\/em><\/p>\n","protected":false},"excerpt":{"rendered":"<p>O presidente Michel Temer disse, enfaticamente, que n\u00e3o vai renunciar. Repetiu isso duas vezes. Mas ele sabe que perdeu a sustenta\u00e7\u00e3o pol\u00edtica, que n\u00e3o tem mais legitimidade para continuar no cargo. Como se diz no jarg\u00e3o pol\u00edtico, Temer perdeu a governabilidade. &nbsp; O peemedebista, flagrado em grava\u00e7\u00f5es pedindo a um dos donos do grupo JBS [&hellip;]<\/p>\n","protected":false},"author":22,"featured_media":0,"comment_status":"open","ping_status":"closed","sticky":false,"template":"","format":"standard","meta":{"footnotes":""},"categories":[600],"tags":[2260,1768,111,590],"class_list":["post-4869","post","type-post","status-publish","format-standard","hentry","category-economia","tag-governabilidade","tag-legitimidade","tag-michel-temer","tag-renuncia"],"_links":{"self":[{"href":"https:\/\/blogs.correiobraziliense.com.br\/vicente\/wp-json\/wp\/v2\/posts\/4869","targetHints":{"allow":["GET"]}}],"collection":[{"href":"https:\/\/blogs.correiobraziliense.com.br\/vicente\/wp-json\/wp\/v2\/posts"}],"about":[{"href":"https:\/\/blogs.correiobraziliense.com.br\/vicente\/wp-json\/wp\/v2\/types\/post"}],"author":[{"embeddable":true,"href":"https:\/\/blogs.correiobraziliense.com.br\/vicente\/wp-json\/wp\/v2\/users\/22"}],"replies":[{"embeddable":true,"href":"https:\/\/blogs.correiobraziliense.com.br\/vicente\/wp-json\/wp\/v2\/comments?post=4869"}],"version-history":[{"count":6,"href":"https:\/\/blogs.correiobraziliense.com.br\/vicente\/wp-json\/wp\/v2\/posts\/4869\/revisions"}],"predecessor-version":[{"id":4875,"href":"https:\/\/blogs.correiobraziliense.com.br\/vicente\/wp-json\/wp\/v2\/posts\/4869\/revisions\/4875"}],"wp:attachment":[{"href":"https:\/\/blogs.correiobraziliense.com.br\/vicente\/wp-json\/wp\/v2\/media?parent=4869"}],"wp:term":[{"taxonomy":"category","embeddable":true,"href":"https:\/\/blogs.correiobraziliense.com.br\/vicente\/wp-json\/wp\/v2\/categories?post=4869"},{"taxonomy":"post_tag","embeddable":true,"href":"https:\/\/blogs.correiobraziliense.com.br\/vicente\/wp-json\/wp\/v2\/tags?post=4869"}],"curies":[{"name":"wp","href":"https:\/\/api.w.org\/{rel}","templated":true}]}}