{"id":4865,"date":"2017-05-18T15:05:46","date_gmt":"2017-05-18T18:05:46","guid":{"rendered":"https:\/\/blogs.correiobraziliense.com.br\/vicente\/?p=4865"},"modified":"2017-05-18T15:35:37","modified_gmt":"2017-05-18T18:35:37","slug":"foi-rodrigo-rocha-loures-quem-anunciou-ilan-para-o-bc","status":"publish","type":"post","link":"https:\/\/blogs.correiobraziliense.com.br\/vicente\/foi-rodrigo-rocha-loures-quem-anunciou-ilan-para-o-bc\/","title":{"rendered":"Foi Rodrigo Rocha Loures quem anunciou Ilan para o BC"},"content":{"rendered":"<h2>Alvo da Pol\u00edcia Federal na opera\u00e7\u00e3o de hoje praticamente enterrou o atual governo, o deputado Rodrigo Rocha Loures, filmado recebendo R$ 500 mil do grupo JBS, anunciou, em um evento promovido pelo banco norte-americano JP Morgan, que o economista Ilan Goldfajn seria o presidente do Banco Central no governo de Michel Temer.<\/h2>\n<p>&nbsp;<\/p>\n<p>Agora, sabe-se que, com autoriza\u00e7\u00e3o de Temer, Rodrigo Loures negociou com Joesley Batista, um dos donos do grupo JBS, cargos estrat\u00e9gicos no Banco Central, na Comiss\u00e3o de Valores Mobili\u00e1rios (CVM) e na Receita Federal, \u00f3rg\u00e3os nos quais o empres\u00e1rio tinha muitos interesses.<\/p>\n<p>&nbsp;<\/p>\n<p>Temer, por sinal, antecipou para Joesley que o Banco Central cortaria a taxa b\u00e1sica de juros (Selic) em um ponto percentual na reuni\u00e3o de abril do Comit\u00ea de Pol\u00edtica Monet\u00e1ria (Copom). A pergunta que todos est\u00e3o se fazendo \u00e9: como Temer soube da decis\u00e3o antecipadamente? Algu\u00e9m do primeiro escal\u00e3o do BC o avisou. Quem?<\/p>\n<p>&nbsp;<\/p>\n<p><strong>Furac\u00e3o Palocci<\/strong><\/p>\n<p>&nbsp;<\/p>\n<p>O Banco Central n\u00e3o est\u00e1 apenas no centro das dela\u00e7\u00f5es dos irm\u00e3os Joesley e Wesley Batista, donos do JBS. Tudo indica que Antonio Palocci tamb\u00e9m levar\u00e1 o BC para o olho do fura\u00e7\u00e3o. Gente gra\u00fada do mercado garante que, quando esteve \u00e0 frente do Minist\u00e9rio da Fazenda, Palocci negociou muitas informa\u00e7\u00f5es privilegiadas, entre elas, as decis\u00f5es do Copom.<\/p>\n<p>&nbsp;<\/p>\n<p>\u00c9 incr\u00edvel que uma institui\u00e7\u00e3o como o BC, eminentemente t\u00e9cnica, esteja aparecendo no centro de dela\u00e7\u00f5es premiadas. O atual caso mostra que a institui\u00e7\u00e3o sempre esteve cooptada pelos interesses pol\u00edticos. \u00c9 assim no governo Temer, foi assim nos governos anteriores.<\/p>\n<p>&nbsp;<\/p>\n<p>\u00c9 preciso ficar atento em rela\u00e7\u00e3o aos interesses do JBS no mercado de c\u00e2mbio. Tempos atr\u00e1s, falou-se muito no mercado que uma decis\u00e3o do BC teria permitido ao grupo dos irm\u00e3os Batista reduzir um grande preju\u00edzo com d\u00f3lar. Agora, se fala que o JBS operou pesado na quarta-feira, 17, no c\u00e2mbio, antes de as dela\u00e7\u00f5es dos empres\u00e1rios se tornarem p\u00fablicas. Eles teriam embolsado uma fortuna maior do que os R$ 225 milh\u00f5es que pagaram na dela\u00e7\u00e3o para se livrarem de quaisquer puni\u00e7\u00f5es.<\/p>\n<p>&nbsp;<\/p>\n<p><em>Bras\u00edlia, \u00a015h05min<\/em><\/p>\n","protected":false},"excerpt":{"rendered":"<p>Alvo da Pol\u00edcia Federal na opera\u00e7\u00e3o de hoje praticamente enterrou o atual governo, o deputado Rodrigo Rocha Loures, filmado recebendo R$ 500 mil do grupo JBS, anunciou, em um evento promovido pelo banco norte-americano JP Morgan, que o economista Ilan Goldfajn seria o presidente do Banco Central no governo de Michel Temer. &nbsp; Agora, sabe-se [&hellip;]<\/p>\n","protected":false},"author":22,"featured_media":0,"comment_status":"open","ping_status":"closed","sticky":false,"template":"","format":"standard","meta":{"footnotes":""},"categories":[600],"tags":[3,849,343,107,2259,4,111,2258],"class_list":["post-4865","post","type-post","status-publish","format-standard","hentry","category-economia","tag-banco-central","tag-cambio","tag-dolar","tag-ilan-goldfajn","tag-jp-morgan","tag-juros","tag-michel-temer","tag-rodrigo-rocha-loures"],"_links":{"self":[{"href":"https:\/\/blogs.correiobraziliense.com.br\/vicente\/wp-json\/wp\/v2\/posts\/4865","targetHints":{"allow":["GET"]}}],"collection":[{"href":"https:\/\/blogs.correiobraziliense.com.br\/vicente\/wp-json\/wp\/v2\/posts"}],"about":[{"href":"https:\/\/blogs.correiobraziliense.com.br\/vicente\/wp-json\/wp\/v2\/types\/post"}],"author":[{"embeddable":true,"href":"https:\/\/blogs.correiobraziliense.com.br\/vicente\/wp-json\/wp\/v2\/users\/22"}],"replies":[{"embeddable":true,"href":"https:\/\/blogs.correiobraziliense.com.br\/vicente\/wp-json\/wp\/v2\/comments?post=4865"}],"version-history":[{"count":1,"href":"https:\/\/blogs.correiobraziliense.com.br\/vicente\/wp-json\/wp\/v2\/posts\/4865\/revisions"}],"predecessor-version":[{"id":4866,"href":"https:\/\/blogs.correiobraziliense.com.br\/vicente\/wp-json\/wp\/v2\/posts\/4865\/revisions\/4866"}],"wp:attachment":[{"href":"https:\/\/blogs.correiobraziliense.com.br\/vicente\/wp-json\/wp\/v2\/media?parent=4865"}],"wp:term":[{"taxonomy":"category","embeddable":true,"href":"https:\/\/blogs.correiobraziliense.com.br\/vicente\/wp-json\/wp\/v2\/categories?post=4865"},{"taxonomy":"post_tag","embeddable":true,"href":"https:\/\/blogs.correiobraziliense.com.br\/vicente\/wp-json\/wp\/v2\/tags?post=4865"}],"curies":[{"name":"wp","href":"https:\/\/api.w.org\/{rel}","templated":true}]}}