{"id":4863,"date":"2017-05-18T12:28:58","date_gmt":"2017-05-18T15:28:58","guid":{"rendered":"https:\/\/blogs.correiobraziliense.com.br\/vicente\/?p=4863"},"modified":"2017-05-18T12:28:58","modified_gmt":"2017-05-18T15:28:58","slug":"bc-afirma-que-decisoes-do-copom-nao-sao-antecipadas-agentes-publicos","status":"publish","type":"post","link":"https:\/\/blogs.correiobraziliense.com.br\/vicente\/bc-afirma-que-decisoes-do-copom-nao-sao-antecipadas-agentes-publicos\/","title":{"rendered":"BC afirma que decis\u00f5es do Copom n\u00e3o s\u00e3o antecipadas a agentes p\u00fablicos"},"content":{"rendered":"<p>POR ANTONIO TEM\u00d3TEO<\/p>\n<p>&nbsp;<\/p>\n<p>Ap\u00f3s a revela\u00e7\u00e3o de que o presidente da Rep\u00fablica, Michel Temer, antecipou ao presidente da J&amp;F Investimentos, Joesley Batista, a decis\u00e3o do Comit\u00ea de Pol\u00edtica Monet\u00e1ria (Copom) de cortar os juros em 1 ponto percentual, o Banco Central (BC) negou o fato.<\/p>\n<p>&nbsp;<\/p>\n<p>Segundo a autoridade monet\u00e1ria, nenhum\u00a0agente p\u00fablico ou privado recebe informa\u00e7\u00f5es antecipadas e as decis\u00f5es s\u00e3o tomadas durante as reuni\u00f5es do Copom e divulgadas imediatamente ap\u00f3s seu termino por meio de comunicado no site do BC.<\/p>\n<p>&nbsp;<\/p>\n<p>Em rela\u00e7\u00e3o a forte atua\u00e7\u00e3o no mercado cambial realizada ontem pela J&amp;F antes da revela\u00e7\u00e3o dos fatos, o BC informou que n\u00e3o comenta casos espec\u00edficos. Entretanto, ressaltaram que apuram informa\u00e7\u00f5es de v\u00e1rias fontes, com vistas a eventual abertura de processo punitivo.<\/p>\n","protected":false},"excerpt":{"rendered":"<p>POR ANTONIO TEM\u00d3TEO &nbsp; Ap\u00f3s a revela\u00e7\u00e3o de que o presidente da Rep\u00fablica, Michel Temer, antecipou ao presidente da J&amp;F Investimentos, Joesley Batista, a decis\u00e3o do Comit\u00ea de Pol\u00edtica Monet\u00e1ria (Copom) de cortar os juros em 1 ponto percentual, o Banco Central (BC) negou o fato. &nbsp; Segundo a autoridade monet\u00e1ria, nenhum\u00a0agente p\u00fablico ou privado [&hellip;]<\/p>\n","protected":false},"author":22,"featured_media":0,"comment_status":"open","ping_status":"closed","sticky":false,"template":"","format":"standard","meta":{"footnotes":""},"categories":[600],"tags":[3,106,99,1187,558,4,34,125],"class_list":["post-4863","post","type-post","status-publish","format-standard","hentry","category-economia","tag-banco-central","tag-bc","tag-copom","tag-jf","tag-joesley-batista","tag-juros","tag-selic","tag-temer"],"_links":{"self":[{"href":"https:\/\/blogs.correiobraziliense.com.br\/vicente\/wp-json\/wp\/v2\/posts\/4863","targetHints":{"allow":["GET"]}}],"collection":[{"href":"https:\/\/blogs.correiobraziliense.com.br\/vicente\/wp-json\/wp\/v2\/posts"}],"about":[{"href":"https:\/\/blogs.correiobraziliense.com.br\/vicente\/wp-json\/wp\/v2\/types\/post"}],"author":[{"embeddable":true,"href":"https:\/\/blogs.correiobraziliense.com.br\/vicente\/wp-json\/wp\/v2\/users\/22"}],"replies":[{"embeddable":true,"href":"https:\/\/blogs.correiobraziliense.com.br\/vicente\/wp-json\/wp\/v2\/comments?post=4863"}],"version-history":[{"count":1,"href":"https:\/\/blogs.correiobraziliense.com.br\/vicente\/wp-json\/wp\/v2\/posts\/4863\/revisions"}],"predecessor-version":[{"id":4864,"href":"https:\/\/blogs.correiobraziliense.com.br\/vicente\/wp-json\/wp\/v2\/posts\/4863\/revisions\/4864"}],"wp:attachment":[{"href":"https:\/\/blogs.correiobraziliense.com.br\/vicente\/wp-json\/wp\/v2\/media?parent=4863"}],"wp:term":[{"taxonomy":"category","embeddable":true,"href":"https:\/\/blogs.correiobraziliense.com.br\/vicente\/wp-json\/wp\/v2\/categories?post=4863"},{"taxonomy":"post_tag","embeddable":true,"href":"https:\/\/blogs.correiobraziliense.com.br\/vicente\/wp-json\/wp\/v2\/tags?post=4863"}],"curies":[{"name":"wp","href":"https:\/\/api.w.org\/{rel}","templated":true}]}}