{"id":4857,"date":"2017-05-18T11:21:18","date_gmt":"2017-05-18T14:21:18","guid":{"rendered":"https:\/\/blogs.correiobraziliense.com.br\/vicente\/?p=4857"},"modified":"2017-05-18T11:30:53","modified_gmt":"2017-05-18T14:30:53","slug":"em-panico-mercado-praticamente-suspende-negociacoes","status":"publish","type":"post","link":"https:\/\/blogs.correiobraziliense.com.br\/vicente\/em-panico-mercado-praticamente-suspende-negociacoes\/","title":{"rendered":"Em p\u00e2nico, mercado praticamente suspende negocia\u00e7\u00f5es"},"content":{"rendered":"<h2>O p\u00e2nico que tomou conta do mercado financeiro com a possibilidade de o governo de Michel Temer ser apeado do poder praticamente parou as negocia\u00e7\u00f5es com d\u00f3lar, t\u00edtulos p\u00fablicos e a\u00e7\u00f5es. Os investidores est\u00e3o at\u00f4nitos e os pre\u00e7os dos ativos, descontrolados.<\/h2>\n<p>&nbsp;<\/p>\n<p>Com queda de mais de 10%, a Bolsa de Valores de S\u00e3o Paulo suspendeu as negocia\u00e7\u00f5es para tentar acalmar os \u00e2nimos. Depois de 30 minutos, reabriu, mas continua em queda. No mercado de c\u00e2mbio, a ordem \u00e9 s\u00f3 fechar neg\u00f3cios que n\u00e3o podem ser adiados. O mesmo vale para as opera\u00e7\u00f5es no mercado de juros. O Tesouro Nacional suspendeu o leil\u00e3o semanal de t\u00edtulos p\u00fablicos, devido \u00e0 forte volatilidade dos mercados.<\/p>\n<p>&nbsp;<\/p>\n<p>No mercado de juros, os contratos com vencimento em janeiro de 2019, os mais negociados, subiram 1,6 ponto percentual, para 10,41% ao ano. O d\u00f3lar est\u00e1 cotado a R$ 3,31 para venda, com alta de 8,42%. N\u00e3o h\u00e1 perspectivas de volta \u00e0 normalidade ao longo do dia, pois muitas informa\u00e7\u00f5es sobre as dela\u00e7\u00f5es dos donos da JBS, Joesley e Wesley Batista, ainda est\u00e3o por ser liberadas.<\/p>\n<p>&nbsp;<\/p>\n<p>Os investidores j\u00e1 d\u00e3o como certa a queda de Temer, por falta de sustenta\u00e7\u00e3o pol\u00edtica. As pris\u00f5es de Andreia Neves, \u00a0irm\u00e3 do senador A\u00e9cio Neves, do PSDB, e de um procurador da Rep\u00fablica s\u00f3 alimentaram as desconfian\u00e7as dos investidores em rela\u00e7\u00e3o ao futuro do atual governo.<\/p>\n<p>&nbsp;<\/p>\n<p>A dica para os investidores \u00e9 cautela. De nada adiantar\u00e1 entrar no clima de p\u00e2nico, pois os riscos de perdas s\u00e3o grandes. Hoje, o mercado deve ficar restrito aos profissionais. Pequenos e m\u00e9dios investidores devem ficar apenas observado.<\/p>\n<p>&nbsp;<\/p>\n<p>O Brasil entrou em um rota perigosa. Est\u00e1 \u00e0 beira do caos. A poss\u00edvel queda de Temer e as suspens\u00e3o das reformas trabalhista e da Previd\u00eancia podem trazer de volta o clima de terror que imperou em 2015, quando o pa\u00eds registrou retra\u00e7\u00e3o\u00a0de 3,8%.<\/p>\n<p>&nbsp;<\/p>\n<p>Os investidores mais exaltados dizem que os donos da JBS optaram por salvar o grupo, que est\u00e1 muito enrolado e por ser alvo de seis opera\u00e7\u00f5es da Pol\u00edcia Federal, e rifar o pa\u00eds.<\/p>\n","protected":false},"excerpt":{"rendered":"<p>O p\u00e2nico que tomou conta do mercado financeiro com a possibilidade de o governo de Michel Temer ser apeado do poder praticamente parou as negocia\u00e7\u00f5es com d\u00f3lar, t\u00edtulos p\u00fablicos e a\u00e7\u00f5es. Os investidores est\u00e3o at\u00f4nitos e os pre\u00e7os dos ativos, descontrolados. &nbsp; Com queda de mais de 10%, a Bolsa de Valores de S\u00e3o Paulo [&hellip;]<\/p>\n","protected":false},"author":22,"featured_media":0,"comment_status":"open","ping_status":"closed","sticky":false,"template":"","format":"standard","meta":{"footnotes":""},"categories":[600],"tags":[],"class_list":["post-4857","post","type-post","status-publish","format-standard","hentry","category-economia"],"_links":{"self":[{"href":"https:\/\/blogs.correiobraziliense.com.br\/vicente\/wp-json\/wp\/v2\/posts\/4857","targetHints":{"allow":["GET"]}}],"collection":[{"href":"https:\/\/blogs.correiobraziliense.com.br\/vicente\/wp-json\/wp\/v2\/posts"}],"about":[{"href":"https:\/\/blogs.correiobraziliense.com.br\/vicente\/wp-json\/wp\/v2\/types\/post"}],"author":[{"embeddable":true,"href":"https:\/\/blogs.correiobraziliense.com.br\/vicente\/wp-json\/wp\/v2\/users\/22"}],"replies":[{"embeddable":true,"href":"https:\/\/blogs.correiobraziliense.com.br\/vicente\/wp-json\/wp\/v2\/comments?post=4857"}],"version-history":[{"count":3,"href":"https:\/\/blogs.correiobraziliense.com.br\/vicente\/wp-json\/wp\/v2\/posts\/4857\/revisions"}],"predecessor-version":[{"id":4862,"href":"https:\/\/blogs.correiobraziliense.com.br\/vicente\/wp-json\/wp\/v2\/posts\/4857\/revisions\/4862"}],"wp:attachment":[{"href":"https:\/\/blogs.correiobraziliense.com.br\/vicente\/wp-json\/wp\/v2\/media?parent=4857"}],"wp:term":[{"taxonomy":"category","embeddable":true,"href":"https:\/\/blogs.correiobraziliense.com.br\/vicente\/wp-json\/wp\/v2\/categories?post=4857"},{"taxonomy":"post_tag","embeddable":true,"href":"https:\/\/blogs.correiobraziliense.com.br\/vicente\/wp-json\/wp\/v2\/tags?post=4857"}],"curies":[{"name":"wp","href":"https:\/\/api.w.org\/{rel}","templated":true}]}}