{"id":4851,"date":"2017-05-18T10:50:31","date_gmt":"2017-05-18T13:50:31","guid":{"rendered":"https:\/\/blogs.correiobraziliense.com.br\/vicente\/?p=4851"},"modified":"2017-05-18T11:14:42","modified_gmt":"2017-05-18T14:14:42","slug":"bolsa-interrompe-negociacoes-acoes-da-petrobras-e-do-banco-do-brasil-derretem","status":"publish","type":"post","link":"https:\/\/blogs.correiobraziliense.com.br\/vicente\/bolsa-interrompe-negociacoes-acoes-da-petrobras-e-do-banco-do-brasil-derretem\/","title":{"rendered":"Bolsa interrompe negocia\u00e7\u00f5es. A\u00e7\u00f5es da Petrobras e do Banco do Brasil derretem"},"content":{"rendered":"<p>POR ANTONIO TEM\u00d3TEO<\/p>\n<p>&nbsp;<\/p>\n<p>A Bolsa de Valores de S\u00e3o Paulo (BMF&amp;Bovespa) interrompeu as negocia\u00e7\u00f5es ap\u00f3s registrar queda de 10,47%. Isso n\u00e3o ocorria desde 2008. As a\u00e7\u00f5es da Banco do Brasil (BB) desabavam 24,58% quando o preg\u00e3o foi paralisado. Os pap\u00e9is da Petrobras derretiam 18,71% e o da Vale 10,67%.<\/p>\n<p>&nbsp;<\/p>\n<p>\u00c0s 10h50 as negocia\u00e7\u00f5es devem ser liberadas. Se a BMF&amp;Bovespa perder 15% de valor de mercado o preg\u00e3o ser\u00e1 interrompido novamente por 30 minutos. As a\u00e7\u00f5es das empresas brasileiras sofrem forte influencia das decis\u00f5es e fatos pol\u00edticos j\u00e1 que a Uni\u00e3o \u00e9 controladora ou tem parte relevante do controle acion\u00e1rio dessa companhia.<\/p>\n<p>&nbsp;<\/p>\n<p>O d\u00f3lar j\u00e1 sobe quase 9% e aponta uma avers\u00e3o dos investidores ao pa\u00eds. Diante desse movimento, o Banco Central (BC) anunciou a venda 40 mil contratos de swap tradicional, que corresponde a venda futura de US$ 2 bilh\u00f5es. No primeiro leil\u00e3o foram comercializados 24.675 contratos, correspondentes a R$ 1,2 bilh\u00e3o.<\/p>\n<p>&nbsp;<\/p>\n<p>Um leil\u00e3o adicional de15.325 contratos foi anunciado. Com isso, o BC vender at\u00e9 US$ 766,2 milh\u00f5es. Al\u00e9m disso, o Tesouro Nacional suspendeu os leil\u00f5es de LTNs e LFTs.<\/p>\n<p>&nbsp;<\/p>\n<p>&nbsp;<\/p>\n","protected":false},"excerpt":{"rendered":"<p>POR ANTONIO TEM\u00d3TEO &nbsp; A Bolsa de Valores de S\u00e3o Paulo (BMF&amp;Bovespa) interrompeu as negocia\u00e7\u00f5es ap\u00f3s registrar queda de 10,47%. Isso n\u00e3o ocorria desde 2008. As a\u00e7\u00f5es da Banco do Brasil (BB) desabavam 24,58% quando o preg\u00e3o foi paralisado. Os pap\u00e9is da Petrobras derretiam 18,71% e o da Vale 10,67%. &nbsp; \u00c0s 10h50 as negocia\u00e7\u00f5es [&hellip;]<\/p>\n","protected":false},"author":22,"featured_media":0,"comment_status":"open","ping_status":"closed","sticky":false,"template":"","format":"standard","meta":{"footnotes":""},"categories":[600],"tags":[229,294,1466,228,2257],"class_list":["post-4851","post","type-post","status-publish","format-standard","hentry","category-economia","tag-banco-do-brasil","tag-bmfbovespa","tag-bolsa-de-valores-de-sao-paulo","tag-petrobras","tag-vale"],"_links":{"self":[{"href":"https:\/\/blogs.correiobraziliense.com.br\/vicente\/wp-json\/wp\/v2\/posts\/4851","targetHints":{"allow":["GET"]}}],"collection":[{"href":"https:\/\/blogs.correiobraziliense.com.br\/vicente\/wp-json\/wp\/v2\/posts"}],"about":[{"href":"https:\/\/blogs.correiobraziliense.com.br\/vicente\/wp-json\/wp\/v2\/types\/post"}],"author":[{"embeddable":true,"href":"https:\/\/blogs.correiobraziliense.com.br\/vicente\/wp-json\/wp\/v2\/users\/22"}],"replies":[{"embeddable":true,"href":"https:\/\/blogs.correiobraziliense.com.br\/vicente\/wp-json\/wp\/v2\/comments?post=4851"}],"version-history":[{"count":7,"href":"https:\/\/blogs.correiobraziliense.com.br\/vicente\/wp-json\/wp\/v2\/posts\/4851\/revisions"}],"predecessor-version":[{"id":4859,"href":"https:\/\/blogs.correiobraziliense.com.br\/vicente\/wp-json\/wp\/v2\/posts\/4851\/revisions\/4859"}],"wp:attachment":[{"href":"https:\/\/blogs.correiobraziliense.com.br\/vicente\/wp-json\/wp\/v2\/media?parent=4851"}],"wp:term":[{"taxonomy":"category","embeddable":true,"href":"https:\/\/blogs.correiobraziliense.com.br\/vicente\/wp-json\/wp\/v2\/categories?post=4851"},{"taxonomy":"post_tag","embeddable":true,"href":"https:\/\/blogs.correiobraziliense.com.br\/vicente\/wp-json\/wp\/v2\/tags?post=4851"}],"curies":[{"name":"wp","href":"https:\/\/api.w.org\/{rel}","templated":true}]}}