{"id":4843,"date":"2017-05-17T22:51:31","date_gmt":"2017-05-18T01:51:31","guid":{"rendered":"https:\/\/blogs.correiobraziliense.com.br\/vicente\/?p=4843"},"modified":"2017-05-17T22:51:31","modified_gmt":"2017-05-18T01:51:31","slug":"deputados-se-reunem-na-casa-de-maia-para-analisar-situacao-de-temer","status":"publish","type":"post","link":"https:\/\/blogs.correiobraziliense.com.br\/vicente\/deputados-se-reunem-na-casa-de-maia-para-analisar-situacao-de-temer\/","title":{"rendered":"Deputados se re\u00fanem na casa de Maia para analisar situa\u00e7\u00e3o de Temer"},"content":{"rendered":"<p>POR ANTONIO TEM\u00d3TEO<\/p>\n<p>&nbsp;<\/p>\n<p>Uma reuni\u00e3o de emerg\u00eancia ocorre neste momento na casa do presidente da C\u00e2mara dos Deputados, Rodrigo Maia (DEM-RJ). Diversos parlamentares discutem qual ser\u00e1 o futuro do governo Michel Temer ap\u00f3s a dele\u00e7\u00e3o de executivos da J&amp;F e o que deve ocorrer nos pr\u00f3ximos dias.<\/p>\n<p>&nbsp;<\/p>\n<p>Alguns dos parlamentares que est\u00e1 na resid\u00eancia oficial da presid\u00eancia da C\u00e2mara est\u00e3o preocupados com a reuni\u00e3o que ocorre no Supremo Tribunal Federal (STF) nesta noite. Alguns temem que o encontro dos magistrados autorize pris\u00f5es que poderiam ser realizadas j\u00e1 amanh\u00e3.<\/p>\n<p>&nbsp;<\/p>\n<p>Outro grupo de parlamentares avalia que se o ministro do STF Edson Fachin liberar a dela\u00e7\u00e3o dos executivos da J&amp;F a gest\u00e3o de Temer estar\u00e1 sepultada. Caso ele mantenha o sigilo, o presidente da Rep\u00fablica ganhar\u00e1 sobrevida para tentar se salvar.<\/p>\n<p>&nbsp;<\/p>\n<p>A maior preocupa\u00e7\u00e3o dos deputados, entretanto, \u00e9 a possibilidade de os executivos da J&amp;F entregarem ao Minist\u00e9rio P\u00fablico Federal (MPF) planilhas que detalhem o pagamento de propina a parlamentares. &#8220;A C\u00e2mara vai parar nas pr\u00f3ximas semanas. Nada ser\u00e1 votado&#8221;, avaliou um deles.<\/p>\n<p>&nbsp;<\/p>\n<p>&nbsp;<\/p>\n","protected":false},"excerpt":{"rendered":"<p>POR ANTONIO TEM\u00d3TEO &nbsp; Uma reuni\u00e3o de emerg\u00eancia ocorre neste momento na casa do presidente da C\u00e2mara dos Deputados, Rodrigo Maia (DEM-RJ). Diversos parlamentares discutem qual ser\u00e1 o futuro do governo Michel Temer ap\u00f3s a dele\u00e7\u00e3o de executivos da J&amp;F e o que deve ocorrer nos pr\u00f3ximos dias. &nbsp; Alguns dos parlamentares que est\u00e1 na [&hellip;]<\/p>\n","protected":false},"author":22,"featured_media":0,"comment_status":"open","ping_status":"closed","sticky":false,"template":"","format":"standard","meta":{"footnotes":""},"categories":[600],"tags":[],"class_list":["post-4843","post","type-post","status-publish","format-standard","hentry","category-economia"],"_links":{"self":[{"href":"https:\/\/blogs.correiobraziliense.com.br\/vicente\/wp-json\/wp\/v2\/posts\/4843","targetHints":{"allow":["GET"]}}],"collection":[{"href":"https:\/\/blogs.correiobraziliense.com.br\/vicente\/wp-json\/wp\/v2\/posts"}],"about":[{"href":"https:\/\/blogs.correiobraziliense.com.br\/vicente\/wp-json\/wp\/v2\/types\/post"}],"author":[{"embeddable":true,"href":"https:\/\/blogs.correiobraziliense.com.br\/vicente\/wp-json\/wp\/v2\/users\/22"}],"replies":[{"embeddable":true,"href":"https:\/\/blogs.correiobraziliense.com.br\/vicente\/wp-json\/wp\/v2\/comments?post=4843"}],"version-history":[{"count":1,"href":"https:\/\/blogs.correiobraziliense.com.br\/vicente\/wp-json\/wp\/v2\/posts\/4843\/revisions"}],"predecessor-version":[{"id":4844,"href":"https:\/\/blogs.correiobraziliense.com.br\/vicente\/wp-json\/wp\/v2\/posts\/4843\/revisions\/4844"}],"wp:attachment":[{"href":"https:\/\/blogs.correiobraziliense.com.br\/vicente\/wp-json\/wp\/v2\/media?parent=4843"}],"wp:term":[{"taxonomy":"category","embeddable":true,"href":"https:\/\/blogs.correiobraziliense.com.br\/vicente\/wp-json\/wp\/v2\/categories?post=4843"},{"taxonomy":"post_tag","embeddable":true,"href":"https:\/\/blogs.correiobraziliense.com.br\/vicente\/wp-json\/wp\/v2\/tags?post=4843"}],"curies":[{"name":"wp","href":"https:\/\/api.w.org\/{rel}","templated":true}]}}