{"id":4832,"date":"2017-05-17T15:47:53","date_gmt":"2017-05-17T18:47:53","guid":{"rendered":"https:\/\/blogs.correiobraziliense.com.br\/vicente\/?p=4832"},"modified":"2017-05-17T15:47:53","modified_gmt":"2017-05-17T18:47:53","slug":"deficit-dos-fundos-de-pensao-diminui-no-1o-tri-de-2017","status":"publish","type":"post","link":"https:\/\/blogs.correiobraziliense.com.br\/vicente\/deficit-dos-fundos-de-pensao-diminui-no-1o-tri-de-2017\/","title":{"rendered":"Deficit dos fundos de pens\u00e3o diminui no 1\u00ba tri de 2017\u00a0"},"content":{"rendered":"<p>ANTONIO TEM\u00d3TEO<\/p>\n<p>&nbsp;<\/p>\n<p>Mesmo a passos lentos, o deficit dos fundos pens\u00e3o diminuiu no\u00a01\u00ba trimestre de 2017, conforme dados divulgados pela Superintend\u00eancia Nacional de Previd\u00eancia Complementar (Previc). O rombo das entidades fechadas de previd\u00eancia complementar passou de R$ 70,6 bilh\u00f5es no 4\u00ba trimestre de 2016, para R$ 69,1 bilh\u00f5es at\u00e9 mar\u00e7o de 2017.<\/p>\n<p>&nbsp;<\/p>\n<p class=\"p1\">Al\u00e9m disso, a melhora do ambiente econ\u00f4mico tem ajudado as funda\u00e7\u00f5es a conseguir melhor rentabilidade. O superavit acumulado pelos fundos de pens\u00e3o tamb\u00e9m cresceu no mesmo per\u00edodo e passou de R$ R$ 18,3 bilh\u00f5es para R$ 20,7 bilh\u00f5es. Com isso, o patrim\u00f4nio das entidades fechadas de previd\u00eancia complementar alcan\u00e7ou R$ 814,8 bilh\u00f5es.<\/p>\n<p class=\"p1\">\n<p class=\"p1\">O informe trimestral da Previc tamb\u00e9m trouxe uma novidade e passou compilar o resultado agregado dos fundos de pens\u00e3o. Com isso, o resultado\u00a0negativo de R$ 52,3 bilh\u00f5es no 4\u00ba trimestre encolheu R$ 3,9 bilh\u00f5es e diminuiu o preju\u00edzo acumulado para R$ 48,4 bilh\u00f5es.<\/p>\n<p>&nbsp;<\/p>\n","protected":false},"excerpt":{"rendered":"<p>ANTONIO TEM\u00d3TEO &nbsp; Mesmo a passos lentos, o deficit dos fundos pens\u00e3o diminuiu no\u00a01\u00ba trimestre de 2017, conforme dados divulgados pela Superintend\u00eancia Nacional de Previd\u00eancia Complementar (Previc). O rombo das entidades fechadas de previd\u00eancia complementar passou de R$ 70,6 bilh\u00f5es no 4\u00ba trimestre de 2016, para R$ 69,1 bilh\u00f5es at\u00e9 mar\u00e7o de 2017. &nbsp; Al\u00e9m [&hellip;]<\/p>\n","protected":false},"author":22,"featured_media":0,"comment_status":"open","ping_status":"closed","sticky":false,"template":"","format":"standard","meta":{"footnotes":""},"categories":[600],"tags":[2242,2241,76,178,251,1780],"class_list":["post-4832","post","type-post","status-publish","format-standard","hentry","category-economia","tag-1o-trimestre-de-2017","tag-4o-trimestre-de-2016","tag-deficit","tag-fundos-de-pensao","tag-previc","tag-superavit"],"_links":{"self":[{"href":"https:\/\/blogs.correiobraziliense.com.br\/vicente\/wp-json\/wp\/v2\/posts\/4832","targetHints":{"allow":["GET"]}}],"collection":[{"href":"https:\/\/blogs.correiobraziliense.com.br\/vicente\/wp-json\/wp\/v2\/posts"}],"about":[{"href":"https:\/\/blogs.correiobraziliense.com.br\/vicente\/wp-json\/wp\/v2\/types\/post"}],"author":[{"embeddable":true,"href":"https:\/\/blogs.correiobraziliense.com.br\/vicente\/wp-json\/wp\/v2\/users\/22"}],"replies":[{"embeddable":true,"href":"https:\/\/blogs.correiobraziliense.com.br\/vicente\/wp-json\/wp\/v2\/comments?post=4832"}],"version-history":[{"count":2,"href":"https:\/\/blogs.correiobraziliense.com.br\/vicente\/wp-json\/wp\/v2\/posts\/4832\/revisions"}],"predecessor-version":[{"id":4834,"href":"https:\/\/blogs.correiobraziliense.com.br\/vicente\/wp-json\/wp\/v2\/posts\/4832\/revisions\/4834"}],"wp:attachment":[{"href":"https:\/\/blogs.correiobraziliense.com.br\/vicente\/wp-json\/wp\/v2\/media?parent=4832"}],"wp:term":[{"taxonomy":"category","embeddable":true,"href":"https:\/\/blogs.correiobraziliense.com.br\/vicente\/wp-json\/wp\/v2\/categories?post=4832"},{"taxonomy":"post_tag","embeddable":true,"href":"https:\/\/blogs.correiobraziliense.com.br\/vicente\/wp-json\/wp\/v2\/tags?post=4832"}],"curies":[{"name":"wp","href":"https:\/\/api.w.org\/{rel}","templated":true}]}}