{"id":4830,"date":"2017-05-17T13:57:26","date_gmt":"2017-05-17T16:57:26","guid":{"rendered":"https:\/\/blogs.correiobraziliense.com.br\/vicente\/?p=4830"},"modified":"2017-05-17T13:57:26","modified_gmt":"2017-05-17T16:57:26","slug":"militares-terao-idade-minima-para-aposentadoria-diz-jungmann","status":"publish","type":"post","link":"https:\/\/blogs.correiobraziliense.com.br\/vicente\/militares-terao-idade-minima-para-aposentadoria-diz-jungmann\/","title":{"rendered":"Militares ter\u00e3o idade m\u00ednima para aposentadoria, diz Jungmann"},"content":{"rendered":"<h2>ALESSANDRA AZEVEDO<\/h2>\n<h2><\/h2>\n<h2>O governo n\u00e3o desistiu de fixar idade m\u00ednima para os militares dentro do projeto de reforma da Previd\u00eancia Social. Foi o que avisou o ministro da Defesa, Raul Jungmann, em conversa com jornalistas estrangeiros hoje. Segundo ele, no caso dos militares, por\u00e9m, a idade m\u00ednima ser\u00e1 de diferente das propostas para a maioria dos trabalhadores, de 65 anos para homens e de 62 para mulheres.<\/h2>\n<p>&nbsp;<\/p>\n<p>Pelos c\u00e1lculos do governo, o projeto fixando a idade m\u00ednima para militares deve ser enviado ao Congresso ainda no fim deste m\u00eas ou em junho. Esse prazo vem sendo aventado tanto por t\u00e9cnicos do Minist\u00e9rio do Planejamento quanto do Minist\u00e9rio da Fazenda. A decis\u00e3o final, contudo, est\u00e1 com o presidente Michel Temer.<\/p>\n<p>&nbsp;<\/p>\n<p>Jungmann foi taxativo ao ser questionado pelos jornalistas: &#8220;Deve, sim, haver uma idade m\u00ednima para militares&#8221;. Ele ressaltou que\u00a0os militares devem estar em boas condi\u00e7\u00f5es f\u00edsicas para exercerem suas fun\u00e7\u00f5es, por isso, a idade m\u00ednima para a categoria deve ser diferente. &#8220;Do militar se exige uma plena capacidade&#8221;, assinalou. Hoje, os militares v\u00e3o para a reserva com 30 anos de servi\u00e7os prestados, independentemente da idade.<\/p>\n<p>&nbsp;<\/p>\n<p>A meta do governo \u00e9 fechar a idade m\u00ednima para aposentadoria dos militares o mais rapidamente poss\u00edvel. Para isso, destacou o ministro da Defesa, o Conselho Militar de Defesa se reunir\u00e1 nesta quinta-feira, 18, afim de discutir o tema. O objetivo do governo \u00e9 chegar a um consenso sobre a idade m\u00ednima e encaminhar o projeto ao Congresso.<\/p>\n<p>&nbsp;<\/p>\n<p>No que depender dos t\u00e9cnicos da equipe econ\u00f4mica, o militares devem seguir, pelo menos, o que foi fixado para os policiais no projeto de reforma que est\u00e1 tramitando no Congresso: idade m\u00ednima para aposentadoria de 55 anos tanto para homens quanto para mulheres.<\/p>\n<p>&nbsp;<\/p>\n<p>Mesmo essa propostas, que \u00e9 considerada muito boa pela Fazenda, tem enfrentado resist\u00eancia entre os integrantes das For\u00e7as Armadas. Eles querem manter tudo como est\u00e1. No ano passado, a Previd\u00eancia dos militares registrou rombo de R$ 32 bilh\u00f5es.<\/p>\n<p>&nbsp;<\/p>\n<p><em>Bras\u00edlia, 13h39min<\/em><\/p>\n<p>&nbsp;<\/p>\n","protected":false},"excerpt":{"rendered":"<p>ALESSANDRA AZEVEDO O governo n\u00e3o desistiu de fixar idade m\u00ednima para os militares dentro do projeto de reforma da Previd\u00eancia Social. Foi o que avisou o ministro da Defesa, Raul Jungmann, em conversa com jornalistas estrangeiros hoje. Segundo ele, no caso dos militares, por\u00e9m, a idade m\u00ednima ser\u00e1 de diferente das propostas para a maioria [&hellip;]<\/p>\n","protected":false},"author":22,"featured_media":0,"comment_status":"open","ping_status":"closed","sticky":false,"template":"","format":"standard","meta":{"footnotes":""},"categories":[600],"tags":[430,769,861,933],"class_list":["post-4830","post","type-post","status-publish","format-standard","hentry","category-economia","tag-aposentadoria","tag-militares","tag-raul-jungmann","tag-reforma-da-previdencia"],"_links":{"self":[{"href":"https:\/\/blogs.correiobraziliense.com.br\/vicente\/wp-json\/wp\/v2\/posts\/4830","targetHints":{"allow":["GET"]}}],"collection":[{"href":"https:\/\/blogs.correiobraziliense.com.br\/vicente\/wp-json\/wp\/v2\/posts"}],"about":[{"href":"https:\/\/blogs.correiobraziliense.com.br\/vicente\/wp-json\/wp\/v2\/types\/post"}],"author":[{"embeddable":true,"href":"https:\/\/blogs.correiobraziliense.com.br\/vicente\/wp-json\/wp\/v2\/users\/22"}],"replies":[{"embeddable":true,"href":"https:\/\/blogs.correiobraziliense.com.br\/vicente\/wp-json\/wp\/v2\/comments?post=4830"}],"version-history":[{"count":1,"href":"https:\/\/blogs.correiobraziliense.com.br\/vicente\/wp-json\/wp\/v2\/posts\/4830\/revisions"}],"predecessor-version":[{"id":4831,"href":"https:\/\/blogs.correiobraziliense.com.br\/vicente\/wp-json\/wp\/v2\/posts\/4830\/revisions\/4831"}],"wp:attachment":[{"href":"https:\/\/blogs.correiobraziliense.com.br\/vicente\/wp-json\/wp\/v2\/media?parent=4830"}],"wp:term":[{"taxonomy":"category","embeddable":true,"href":"https:\/\/blogs.correiobraziliense.com.br\/vicente\/wp-json\/wp\/v2\/categories?post=4830"},{"taxonomy":"post_tag","embeddable":true,"href":"https:\/\/blogs.correiobraziliense.com.br\/vicente\/wp-json\/wp\/v2\/tags?post=4830"}],"curies":[{"name":"wp","href":"https:\/\/api.w.org\/{rel}","templated":true}]}}