{"id":4823,"date":"2017-05-16T19:01:11","date_gmt":"2017-05-16T22:01:11","guid":{"rendered":"https:\/\/blogs.correiobraziliense.com.br\/vicente\/?p=4823"},"modified":"2017-05-16T20:07:21","modified_gmt":"2017-05-16T23:07:21","slug":"especialistas-governo-tem-que-baixar-precos-de-imoveis","status":"publish","type":"post","link":"https:\/\/blogs.correiobraziliense.com.br\/vicente\/especialistas-governo-tem-que-baixar-precos-de-imoveis\/","title":{"rendered":"Especialistas: governo tem que baixar pre\u00e7os de im\u00f3veis"},"content":{"rendered":"<p>CHRISTIANA SUPPA<\/p>\n<p>&nbsp;<\/p>\n<p>Se a ideia do governo federal \u00e9 arrecadar dinheiro r\u00e1pido e deixar de gastar com a manuten\u00e7\u00e3o de im\u00f3veis funcionais desocupados, tem que baixar ainda mais os pre\u00e7os. Segundo especialistas do mercado imobili\u00e1rio, os valores dos 25 empreendimentos colocados \u00e0 venda por meio de edital n\u00e3o est\u00e3o atrativos. \u201cAs ofertas est\u00e3o muito t\u00edmidas. Para chamar a aten\u00e7\u00e3o dos compradores, o governo precisaria ser mais audacioso e baixar os pre\u00e7os em 5% a 10%\u201d, acredita Gustavo Jara, gestor de neg\u00f3cios imobili\u00e1rios.<\/p>\n<p>&nbsp;<\/p>\n<p>Depois de uma breve analisada das fotos dos im\u00f3veis no site disponibilizado pelo Minist\u00e9rio do Planejamento, Jara avalia que o estado dos im\u00f3veis exige que o comprador invista de 15% a 20% do valor de compra para moderniz\u00e1-lo. \u201cS\u00e3o im\u00f3veis originais, muito bem localizados, mas com estado de conserva\u00e7\u00e3o de m\u00e9dio para mal. Uma pessoa com recursos para uma compra desse valor n\u00e3o moraria nas condi\u00e7\u00f5es que est\u00e3o os apartamentos\u201d, ressalta.<\/p>\n<p>&nbsp;<\/p>\n<p>O presidente do Conselho Regional de Corretores de Im\u00f3veis do DF (Creci-DF), Hermes Alc\u00e2ntara concorda com Jara. \u201cQuando a pessoa compra no mercado, pode pesquisar, negociar, oferecer im\u00f3vel mais barato e at\u00e9 carro. Para uma concorr\u00eancia p\u00fablica, os pre\u00e7os deveriam ser mais baixos\u201d, acredita.<\/p>\n<p>&nbsp;<\/p>\n<p>Para Alc\u00e2ntara, o mercado est\u00e1 dando sinais de recupera\u00e7\u00e3o, mas \u201cs\u00e3o sinais bem suaves\u201d. A fase \u00e9 favor\u00e1vel para quem quer comprar ou alugar. Para a venda, ainda n\u00e3o. \u201cO movimento do mercado imobili\u00e1rio acompanha a economia, com crescimento, mas n\u00e3o de impacto significativo\u201d, completa.<\/p>\n<p>&nbsp;<\/p>\n<p>Nos \u00faltimos dois anos, o Planejamento \u00a0fez v\u00e1rias tentativas de venda de im\u00f3veis, mas a recess\u00e3o econ\u00f4mica e os pre\u00e7os altos atrapalharam os planos. Agora, acredita o governo, o quadro come\u00e7ou a melhorar e h\u00e1 demanda por im\u00f3veis como os que foram colocados \u00e0 venda. Dos 25 im\u00f3veis ofertados, 24 s\u00e3o apartamentos localizados na Asa Norte e na Asa Sul, e uma mans\u00e3o no Lago Sul, que, ao longo de anos, foi usado pelo ministro da Fazenda.<\/p>\n<p>&nbsp;<\/p>\n<p><em>Bras\u00edlia, 19h01min<\/em><\/p>\n","protected":false},"excerpt":{"rendered":"<p>CHRISTIANA SUPPA &nbsp; Se a ideia do governo federal \u00e9 arrecadar dinheiro r\u00e1pido e deixar de gastar com a manuten\u00e7\u00e3o de im\u00f3veis funcionais desocupados, tem que baixar ainda mais os pre\u00e7os. Segundo especialistas do mercado imobili\u00e1rio, os valores dos 25 empreendimentos colocados \u00e0 venda por meio de edital n\u00e3o est\u00e3o atrativos. \u201cAs ofertas est\u00e3o muito [&hellip;]<\/p>\n","protected":false},"author":22,"featured_media":0,"comment_status":"open","ping_status":"closed","sticky":false,"template":"","format":"standard","meta":{"footnotes":""},"categories":[600],"tags":[2237,1554,150,2236],"class_list":["post-4823","post","type-post","status-publish","format-standard","hentry","category-economia","tag-apartamentos","tag-imoveis","tag-ministerio-do-planejamento","tag-precos-altos"],"_links":{"self":[{"href":"https:\/\/blogs.correiobraziliense.com.br\/vicente\/wp-json\/wp\/v2\/posts\/4823","targetHints":{"allow":["GET"]}}],"collection":[{"href":"https:\/\/blogs.correiobraziliense.com.br\/vicente\/wp-json\/wp\/v2\/posts"}],"about":[{"href":"https:\/\/blogs.correiobraziliense.com.br\/vicente\/wp-json\/wp\/v2\/types\/post"}],"author":[{"embeddable":true,"href":"https:\/\/blogs.correiobraziliense.com.br\/vicente\/wp-json\/wp\/v2\/users\/22"}],"replies":[{"embeddable":true,"href":"https:\/\/blogs.correiobraziliense.com.br\/vicente\/wp-json\/wp\/v2\/comments?post=4823"}],"version-history":[{"count":1,"href":"https:\/\/blogs.correiobraziliense.com.br\/vicente\/wp-json\/wp\/v2\/posts\/4823\/revisions"}],"predecessor-version":[{"id":4824,"href":"https:\/\/blogs.correiobraziliense.com.br\/vicente\/wp-json\/wp\/v2\/posts\/4823\/revisions\/4824"}],"wp:attachment":[{"href":"https:\/\/blogs.correiobraziliense.com.br\/vicente\/wp-json\/wp\/v2\/media?parent=4823"}],"wp:term":[{"taxonomy":"category","embeddable":true,"href":"https:\/\/blogs.correiobraziliense.com.br\/vicente\/wp-json\/wp\/v2\/categories?post=4823"},{"taxonomy":"post_tag","embeddable":true,"href":"https:\/\/blogs.correiobraziliense.com.br\/vicente\/wp-json\/wp\/v2\/tags?post=4823"}],"curies":[{"name":"wp","href":"https:\/\/api.w.org\/{rel}","templated":true}]}}