{"id":4819,"date":"2017-05-16T18:22:11","date_gmt":"2017-05-16T21:22:11","guid":{"rendered":"https:\/\/blogs.correiobraziliense.com.br\/vicente\/?p=4819"},"modified":"2017-05-16T19:43:24","modified_gmt":"2017-05-16T22:43:24","slug":"andre-esteves-assiste-palestra-de-doria-em-nova-york-na-1a-fileira","status":"publish","type":"post","link":"https:\/\/blogs.correiobraziliense.com.br\/vicente\/andre-esteves-assiste-palestra-de-doria-em-nova-york-na-1a-fileira\/","title":{"rendered":"Andr\u00e9 Esteves assiste palestra de Doria em Nova York na 1\u00aa fileira"},"content":{"rendered":"<p>POR ANTONIO TEM\u00d3TEO<\/p>\n<p>&nbsp;<\/p>\n<p>Quem acompanhou atentamente da 1\u00aa fileira a palestra que o prefeito de S\u00e3o Paulo, Jo\u00e3o Doria (PSDB), proferiu em Nova York foi o not\u00f3rio banqueiro Andr\u00e9 Esteves. Antes de ser preso por suspeita de obstru\u00e7\u00e3o das investiga\u00e7\u00f5es da Opera\u00e7\u00e3o Lava-Jato, ele era conhecido pelo jeito agressivo de fazer neg\u00f3cios.<\/p>\n<p>&nbsp;<\/p>\n<p>Agora vive uma vida reclusa, sem apari\u00e7\u00f5es p\u00fablicas. Entretanto, quem o conhece diz que tem trabalhado como nunca. O evento do qual Doria participa \u00e9 organizado pelo banco BTG Pactual, do qual Esteves \u00e9 um dos acionistas. Vale lembrar que em 2014 o prefeito de S\u00e3o Paulo agraciou o banqueiro com o pr\u00eamio &#8220;L\u00edderes do Brasil&#8221; durante o F\u00f3rum de Comandatuba (BA), organizado pelo Lide.<\/p>\n<p>&nbsp;<\/p>\n<p>&nbsp;<\/p>\n<p>&nbsp;<\/p>\n","protected":false},"excerpt":{"rendered":"<p>POR ANTONIO TEM\u00d3TEO &nbsp; Quem acompanhou atentamente da 1\u00aa fileira a palestra que o prefeito de S\u00e3o Paulo, Jo\u00e3o Doria (PSDB), proferiu em Nova York foi o not\u00f3rio banqueiro Andr\u00e9 Esteves. Antes de ser preso por suspeita de obstru\u00e7\u00e3o das investiga\u00e7\u00f5es da Opera\u00e7\u00e3o Lava-Jato, ele era conhecido pelo jeito agressivo de fazer neg\u00f3cios. &nbsp; Agora [&hellip;]<\/p>\n","protected":false},"author":22,"featured_media":0,"comment_status":"open","ping_status":"closed","sticky":false,"template":"","format":"standard","meta":{"footnotes":""},"categories":[600],"tags":[52,53,1551,2234,2235,358],"class_list":["post-4819","post","type-post","status-publish","format-standard","hentry","category-economia","tag-andre-esteves","tag-btg-pactual","tag-joao-doria","tag-lide","tag-lideres-do-brasil","tag-nova-york"],"_links":{"self":[{"href":"https:\/\/blogs.correiobraziliense.com.br\/vicente\/wp-json\/wp\/v2\/posts\/4819","targetHints":{"allow":["GET"]}}],"collection":[{"href":"https:\/\/blogs.correiobraziliense.com.br\/vicente\/wp-json\/wp\/v2\/posts"}],"about":[{"href":"https:\/\/blogs.correiobraziliense.com.br\/vicente\/wp-json\/wp\/v2\/types\/post"}],"author":[{"embeddable":true,"href":"https:\/\/blogs.correiobraziliense.com.br\/vicente\/wp-json\/wp\/v2\/users\/22"}],"replies":[{"embeddable":true,"href":"https:\/\/blogs.correiobraziliense.com.br\/vicente\/wp-json\/wp\/v2\/comments?post=4819"}],"version-history":[{"count":2,"href":"https:\/\/blogs.correiobraziliense.com.br\/vicente\/wp-json\/wp\/v2\/posts\/4819\/revisions"}],"predecessor-version":[{"id":4822,"href":"https:\/\/blogs.correiobraziliense.com.br\/vicente\/wp-json\/wp\/v2\/posts\/4819\/revisions\/4822"}],"wp:attachment":[{"href":"https:\/\/blogs.correiobraziliense.com.br\/vicente\/wp-json\/wp\/v2\/media?parent=4819"}],"wp:term":[{"taxonomy":"category","embeddable":true,"href":"https:\/\/blogs.correiobraziliense.com.br\/vicente\/wp-json\/wp\/v2\/categories?post=4819"},{"taxonomy":"post_tag","embeddable":true,"href":"https:\/\/blogs.correiobraziliense.com.br\/vicente\/wp-json\/wp\/v2\/tags?post=4819"}],"curies":[{"name":"wp","href":"https:\/\/api.w.org\/{rel}","templated":true}]}}