{"id":4817,"date":"2017-05-16T06:30:48","date_gmt":"2017-05-16T09:30:48","guid":{"rendered":"https:\/\/blogs.correiobraziliense.com.br\/vicente\/?p=4817"},"modified":"2017-05-16T14:51:25","modified_gmt":"2017-05-16T17:51:25","slug":"para-o-planalto-bc-deve-se-juntar-as-boas-noticias","status":"publish","type":"post","link":"https:\/\/blogs.correiobraziliense.com.br\/vicente\/para-o-planalto-bc-deve-se-juntar-as-boas-noticias\/","title":{"rendered":"Para o Planalto, BC deve se juntar \u00e0s boas not\u00edcias"},"content":{"rendered":"<h2>O grau de anima\u00e7\u00e3o aumentou muito no Pal\u00e1cio do Planalto ontem. Como ressaltou um dos ministros mais pr\u00f3ximos do presidente Michel Temer, \u201co vento est\u00e1 come\u00e7ando a soprar a nosso favor, e, pelo visto, forte\u201d. A euforia come\u00e7ou a se consolidar cedo, logo depois de o Banco Central anunciar o resultado do IBC-Br, \u00edndice que funciona como uma pr\u00e9via do Produto Interno Bruto (PIB). O indicador mostrou crescimento de 1,12% no primeiro trimestre de 2017, sinalizando que, depois de dois longos anos de recess\u00e3o, enfim, o Brasil come\u00e7ou a sair do atoleiro.<\/h2>\n<p>&nbsp;<\/p>\n<p>Foi, por\u00e9m, ap\u00f3s o fechamento do mercado financeiro que o governo vibrou por completo. No entender do Pal\u00e1cio do Planalto, o d\u00f3lar cotado a R$ 3,10, o risco-pa\u00eds em 199 pontos, a Bolsa de Valores nos 68.474 pontos, caminhando para atingir seu recorde hist\u00f3rico, e os juros desabando no mercado futuro comprovam que a confian\u00e7a voltou com tudo. \u201cN\u00e3o h\u00e1 exagero nisso. Os investidores est\u00e3o reconhecendo que estamos no caminho certo. Apesar de todos os percal\u00e7os, estamos entregando tudo o que prometemos\u201d, ressalta o mesmo ministro.<\/p>\n<p>&nbsp;<\/p>\n<p>Por tr\u00e1s do discurso ufanista do governo, h\u00e1 uma estrat\u00e9gia clara: convencer os parlamentares da base aliada que ainda relutam em apoiar a reforma da Previd\u00eancia Social. Temer vai ressaltar a eles que todas as conquistas do governo poder\u00e3o se perder se as mudan\u00e7as no sistema de aposentadorias forem barradas pelo Congresso. O presidente mostrar\u00e1 ainda, nesse processo de convencimento, que a melhora da economia reduzir\u00e1 o desemprego e trar\u00e1 de volta a sensa\u00e7\u00e3o de bem-estar. Nesse quadro positivo, os eleitores pouco se importar\u00e3o com as reformas quando forem depositar os votos nas urnas em 2018.<\/p>\n<p>&nbsp;<\/p>\n<p><strong>Ousadia<\/strong><\/p>\n<p>&nbsp;<\/p>\n<p>Na avalia\u00e7\u00e3o do Planalto, para completar o bom momento vivido pela economia, s\u00f3 faltar\u00e1 o Banco Central acelerar o passo no corte da taxa b\u00e1sica de juros (Selic) na reuni\u00e3o do Comit\u00ea de Pol\u00edtica Monet\u00e1ria (Copom), marcada para o fim deste m\u00eas. A aposta un\u00e2nime entre os assessores de Temer \u00e9 de que a redu\u00e7\u00e3o na Selic ser\u00e1 de 1,25 ponto percentual, dos atuais 11,25% \u00b4para 10% ao ano. A certeza em rela\u00e7\u00e3o \u00e0 maior ousadia do BC veio depois que o Ita\u00fa Unibanco avisou que havia mudado a sua proje\u00e7\u00e3o para o Copom, de baixa de um ponto para queda de 1,25 ponto.<\/p>\n<p>&nbsp;<\/p>\n<p>Pelos c\u00e1lculos do Ita\u00fa Unibanco, os juros encerrar\u00e3o 2017 em 7,5%. A \u00faltima vez que a taxa b\u00e1sica chegou a esse n\u00edvel foi em 2012, no governo Dilma Rousseff, mas n\u00e3o se sustentou. A infla\u00e7\u00e3o disparou, pois os agentes econ\u00f4micos perceberam que a decis\u00e3o do BC de levar a Selic para um patamar t\u00e3o baixo n\u00e3o estava respaldada em crit\u00e9rio t\u00e9cnicos, mas, sim, pol\u00edticos. E mais: estava clara a destrui\u00e7\u00e3o das contas p\u00fablicas. Agora, ressaltam assessores de Temer, a infla\u00e7\u00e3o est\u00e1 caindo sem interven\u00e7\u00e3o estatal, refletindo a confian\u00e7a no BC comandado por Ilan Goldfajn.<\/p>\n<p>&nbsp;<\/p>\n<p>Um t\u00e9cnico da equipe econ\u00f4mica chama a aten\u00e7\u00e3o para as proje\u00e7\u00f5es de infla\u00e7\u00e3o do mercado. Pela pesquisa Focus, realizada semanalmente pelo BC, as estimativas para o \u00cdndice de Pre\u00e7os ao Consumidor Amplo (IPCA) ca\u00edram abaixo de 4% neste ano, exatos 3,93%. Para 2018, a proje\u00e7\u00e3o est\u00e1 em 4,36%, inferior ao centro da meta, de 4,5%, definida pela Conselho Monet\u00e1rio Nacional (CMN). Ao mesmo tempo, os analistas elevaram a previs\u00e3o de crescimento da economia para 2017, de 0,47% para 0,5%. \u201cNingu\u00e9m aqui est\u00e1 superdimensionando os n\u00fameros, por\u00e9m, estamos vendo o mercado apostando em uma economia mais forte com uma infla\u00e7\u00e3o abaixo do centro da meta. Isso \u00e9 confian\u00e7a\u201d, afirma.<\/p>\n<p>&nbsp;<\/p>\n<p><strong>Cuidados<\/strong><\/p>\n<p>&nbsp;<\/p>\n<p>Os mais c\u00e9ticos, contudo, fazem um alerta: todo esse otimismo que os agentes econ\u00f4micos est\u00e3o demonstrando pode desaparecer da noite para o dia. Basta que percebam a incapacidade do governo de aprovar a reforma da Previd\u00eancia. O prazo fixado pelo investidores para que o processo de vota\u00e7\u00e3o seja encerrado no Senado \u00e9 setembro. A partir da\u00ed, se a reforma empacar, a desconfian\u00e7a voltar\u00e1 com tudo. Um importante banqueiro diz que os investidores j\u00e1 foram muito complacentes quando aceitaram as mudan\u00e7as feitas no projeto original da Previd\u00eancia. A economia prevista para os pr\u00f3ximos anos caiu de R$ 800 bilh\u00f5es para R$ 600 bilh\u00f5es, como diz o ministro da Casa Civil, Eliseu Padilha.<\/p>\n<p>&nbsp;<\/p>\n<p>\u201cUma coisa \u00e9 aprovar uma reforma da Previd\u00eancia menor do que a necess\u00e1ria. Outra, \u00e9 n\u00e3o aprovar nada\u201d, frisa o banqueiro. Ele destaca que, at\u00e9 agora, pode-se dizer que o governo sair\u00e1 vitorioso, conseguindo entre 320 e 330 votos para mudar o sistema de aposentadorias. Mas entre expectativa e realidade h\u00e1 uma grande dist\u00e2ncia. E os donos do dinheiro sabem medir exatamente at\u00e9 onde ela vai.<\/p>\n<p>&nbsp;<\/p>\n<p><em>Bras\u00edlia, 06h30min<\/em><\/p>\n","protected":false},"excerpt":{"rendered":"<p>O grau de anima\u00e7\u00e3o aumentou muito no Pal\u00e1cio do Planalto ontem. Como ressaltou um dos ministros mais pr\u00f3ximos do presidente Michel Temer, \u201co vento est\u00e1 come\u00e7ando a soprar a nosso favor, e, pelo visto, forte\u201d. A euforia come\u00e7ou a se consolidar cedo, logo depois de o Banco Central anunciar o resultado do IBC-Br, \u00edndice que [&hellip;]<\/p>\n","protected":false},"author":22,"featured_media":0,"comment_status":"open","ping_status":"closed","sticky":false,"template":"","format":"standard","meta":{"footnotes":""},"categories":[600],"tags":[3,991,2232,343,107,4,2233,34],"class_list":["post-4817","post","type-post","status-publish","format-standard","hentry","category-economia","tag-banco-central","tag-bolsa-de-valores","tag-corte-maior","tag-dolar","tag-ilan-goldfajn","tag-juros","tag-risco-pais","tag-selic"],"_links":{"self":[{"href":"https:\/\/blogs.correiobraziliense.com.br\/vicente\/wp-json\/wp\/v2\/posts\/4817","targetHints":{"allow":["GET"]}}],"collection":[{"href":"https:\/\/blogs.correiobraziliense.com.br\/vicente\/wp-json\/wp\/v2\/posts"}],"about":[{"href":"https:\/\/blogs.correiobraziliense.com.br\/vicente\/wp-json\/wp\/v2\/types\/post"}],"author":[{"embeddable":true,"href":"https:\/\/blogs.correiobraziliense.com.br\/vicente\/wp-json\/wp\/v2\/users\/22"}],"replies":[{"embeddable":true,"href":"https:\/\/blogs.correiobraziliense.com.br\/vicente\/wp-json\/wp\/v2\/comments?post=4817"}],"version-history":[{"count":1,"href":"https:\/\/blogs.correiobraziliense.com.br\/vicente\/wp-json\/wp\/v2\/posts\/4817\/revisions"}],"predecessor-version":[{"id":4818,"href":"https:\/\/blogs.correiobraziliense.com.br\/vicente\/wp-json\/wp\/v2\/posts\/4817\/revisions\/4818"}],"wp:attachment":[{"href":"https:\/\/blogs.correiobraziliense.com.br\/vicente\/wp-json\/wp\/v2\/media?parent=4817"}],"wp:term":[{"taxonomy":"category","embeddable":true,"href":"https:\/\/blogs.correiobraziliense.com.br\/vicente\/wp-json\/wp\/v2\/categories?post=4817"},{"taxonomy":"post_tag","embeddable":true,"href":"https:\/\/blogs.correiobraziliense.com.br\/vicente\/wp-json\/wp\/v2\/tags?post=4817"}],"curies":[{"name":"wp","href":"https:\/\/api.w.org\/{rel}","templated":true}]}}