{"id":4802,"date":"2017-05-15T09:30:48","date_gmt":"2017-05-15T12:30:48","guid":{"rendered":"https:\/\/blogs.correiobraziliense.com.br\/vicente\/?p=4802"},"modified":"2017-05-15T11:42:10","modified_gmt":"2017-05-15T14:42:10","slug":"delacao-de-palocci-deve-mirar-o-banco-central-e-receita","status":"publish","type":"post","link":"https:\/\/blogs.correiobraziliense.com.br\/vicente\/delacao-de-palocci-deve-mirar-o-banco-central-e-receita\/","title":{"rendered":"Dela\u00e7\u00e3o de Palocci deve mirar o Banco Central e a Receita"},"content":{"rendered":"<h2>DENISE ROTHENBURG<\/h2>\n<h2><\/h2>\n<h2>Passado o primeiro depoimento do ex-presidente Luiz In\u00e1cio Lula da Silva ao juiz S\u00e9rgio Moro, o PT come\u00e7a a se preparar para o furac\u00e3o Antonio Palocci. E essa movimenta\u00e7\u00e3o n\u00e3o \u00e9 exclusividade da legenda. H\u00e1 no cen\u00e1rio econ\u00f4mico quem diga que, para se vingar daqueles que o abandonaram dentro de seu partido, Palocci vai abordar a rela\u00e7\u00e3o com grandes institui\u00e7\u00f5es financeiras e jogar\u00e1 na roda ainda o Banco Central e a Receita Federal.<\/h2>\n<p>&nbsp;<\/p>\n<p>Palocci \u00e9 considerado pe\u00e7a-chave pelos investigar para ajudar a entregar as pe\u00e7as que faltam, por exemplo, na Opera\u00e7\u00e3o Conclave, que investiga a compra de a\u00e7\u00f5es do Banco Panamericano, em 2009, pela Caixapar, uma subsidi\u00e1ria da Caixa Econ\u00f4mica Federal. Em 2011, primeiro ano do governo Dilma Rousseff, no qual Palocci ficou alguns meses como ministro da Casa Civil, o BTG Pactual, de Andr\u00e9 Esteves, entrou no neg\u00f3cio. Comprou a participa\u00e7\u00e3o do grupo S\u00edlvio Santos no Banco Panamericano. A Caixapar investiu R$ 740 milh\u00f5es no Panamericano e, dois anos depois, foi a vez do BTG, o que levou a PF a realizar a\u00e7\u00e3o de busca e apreens\u00e3o em representantes das duas institui\u00e7\u00f5es em abril deste ano, dentro da Opera\u00e7\u00e3o Conclave.<\/p>\n<p>&nbsp;<br \/>\nEnquanto o mundo dos neg\u00f3cios ferve, o PT aguarda. O partido considera que passou a fase de tentar evitar a dela\u00e7\u00e3o do ex-ministro, uma vez que todos os emiss\u00e1rios falharam nessa miss\u00e3o. Agora, \u00e9 administrar o que Palocci pode dizer. \u201cVamos ver. Se for no ritmo das dela\u00e7\u00f5es que temos visto, cada um fala o que quer sem apresentar provas\u201d, disse o l\u00edder do PT na C\u00e2mara, Carlos Zarattini.<\/p>\n<p>&nbsp;<\/p>\n<p>Os petistas t\u00eam se desdobrado na tribuna da C\u00e2mara e do Senado no sentido de reverberar a falta de provas. O senador Lindbergh Farias, por exemplo, ficou mais de uma hora na tribuna do Senado, na \u00faltima quinta-feira, se referindo ao depoimento de Lula como uma farsa montada pelo juiz S\u00e9rgio Moro para expor o ex-presidente. Em rela\u00e7\u00e3o a Palocci, ele ainda n\u00e3o montou o discurso. \u00c9 preciso esperar para ver o que o ex-ministro vai falar.<\/p>\n<p>&nbsp;<\/p>\n<p>Em conversas reservadas, outros petistas t\u00eam dito que Palocci tem um arsenal para provocar estragos. Afinal, enquanto ministro de Lula no primeiro mandato e coordenador da campanha eleitoral de Dilma em 2010, ele fez muitas pontes com o mercado financeiro para abastecer os cofres petistas. O partido, por\u00e9m, acredita que ele pode provocar tamb\u00e9m estragos entre os empres\u00e1rios apoiadores do governo de Michel Temer, de forma a distribuir o desgaste.<\/p>\n<p>&nbsp;<\/p>\n<p>Reformas<\/p>\n<p>&nbsp;<\/p>\n<p>Enquanto Palocci aquece os motores de sua dela\u00e7\u00e3o, os petistas querem dedicar os pr\u00f3ximos dias a tentar desgastar o governo no quesito reforma da Previd\u00eancia. Na C\u00e2mara, por exemplo, est\u00e3o previstos diversos movimentos do partido no sentido de pressionar a bancada do agroneg\u00f3cio a votar contra a reforma por causa das mudan\u00e7as no Funrural, um tema que, embora o governo tenha cedido em parte, ainda n\u00e3o est\u00e1 totalmente resolvido.<\/p>\n<p>&nbsp;<\/p>\n<p>A oposi\u00e7\u00e3o acredita que Temer ainda n\u00e3o tem os votos para aprovar a reforma da Previd\u00eancia e nem os ter\u00e1, se a press\u00e3o sobre a base governista for bem realizada. Ocorre que, quanto mais Palocci e Lula estiverem na roda da Lava-Jato, mais dif\u00edcil ficar\u00e1 para o PT jogar toda a sua energia no movimento contra as reformas. Na semana passada, por exemplo, precisou se mobilizar para acompanhar o depoimento de Lula ao juiz S\u00e9rgio Moro. Agora, dependendo do que Palocci falar nos pr\u00f3ximos dias, a maior energia petista continuar\u00e1 dedicada a respostas \u00e0s dela\u00e7\u00f5es. O alento, dizem alguns, \u00e9 que essa mobiliza\u00e7\u00e3o contra o que pode dizer Palocci n\u00e3o ser\u00e1 privil\u00e9gio do PT. Diante da perspectiva do furac\u00e3o, o sistema financeiro, bem como no PT, fazem como os americanos quando vem um furac\u00e3o: a ordem \u00e9 colocar madeirite nas janelas e buscar um abrigo.<\/p>\n<p>&nbsp;<\/p>\n<p><em>Bras\u00edlia, 09h30min<\/em><\/p>\n","protected":false},"excerpt":{"rendered":"<p>DENISE ROTHENBURG Passado o primeiro depoimento do ex-presidente Luiz In\u00e1cio Lula da Silva ao juiz S\u00e9rgio Moro, o PT come\u00e7a a se preparar para o furac\u00e3o Antonio Palocci. E essa movimenta\u00e7\u00e3o n\u00e3o \u00e9 exclusividade da legenda. H\u00e1 no cen\u00e1rio econ\u00f4mico quem diga que, para se vingar daqueles que o abandonaram dentro de seu partido, Palocci [&hellip;]<\/p>\n","protected":false},"author":22,"featured_media":0,"comment_status":"open","ping_status":"closed","sticky":false,"template":"","format":"standard","meta":{"footnotes":""},"categories":[600],"tags":[479,3,822,255,41,8],"class_list":["post-4802","post","type-post","status-publish","format-standard","hentry","category-economia","tag-antonio-palocci","tag-banco-central","tag-bancos","tag-corrupcao","tag-lava-jato","tag-receita-federal"],"_links":{"self":[{"href":"https:\/\/blogs.correiobraziliense.com.br\/vicente\/wp-json\/wp\/v2\/posts\/4802","targetHints":{"allow":["GET"]}}],"collection":[{"href":"https:\/\/blogs.correiobraziliense.com.br\/vicente\/wp-json\/wp\/v2\/posts"}],"about":[{"href":"https:\/\/blogs.correiobraziliense.com.br\/vicente\/wp-json\/wp\/v2\/types\/post"}],"author":[{"embeddable":true,"href":"https:\/\/blogs.correiobraziliense.com.br\/vicente\/wp-json\/wp\/v2\/users\/22"}],"replies":[{"embeddable":true,"href":"https:\/\/blogs.correiobraziliense.com.br\/vicente\/wp-json\/wp\/v2\/comments?post=4802"}],"version-history":[{"count":1,"href":"https:\/\/blogs.correiobraziliense.com.br\/vicente\/wp-json\/wp\/v2\/posts\/4802\/revisions"}],"predecessor-version":[{"id":4803,"href":"https:\/\/blogs.correiobraziliense.com.br\/vicente\/wp-json\/wp\/v2\/posts\/4802\/revisions\/4803"}],"wp:attachment":[{"href":"https:\/\/blogs.correiobraziliense.com.br\/vicente\/wp-json\/wp\/v2\/media?parent=4802"}],"wp:term":[{"taxonomy":"category","embeddable":true,"href":"https:\/\/blogs.correiobraziliense.com.br\/vicente\/wp-json\/wp\/v2\/categories?post=4802"},{"taxonomy":"post_tag","embeddable":true,"href":"https:\/\/blogs.correiobraziliense.com.br\/vicente\/wp-json\/wp\/v2\/tags?post=4802"}],"curies":[{"name":"wp","href":"https:\/\/api.w.org\/{rel}","templated":true}]}}