{"id":4798,"date":"2017-05-12T13:09:04","date_gmt":"2017-05-12T16:09:04","guid":{"rendered":"https:\/\/blogs.correiobraziliense.com.br\/vicente\/?p=4798"},"modified":"2017-05-12T15:39:07","modified_gmt":"2017-05-12T18:39:07","slug":"gol-tem-as-passagens-mais-caras-de-brasilia-para-o-rio","status":"publish","type":"post","link":"https:\/\/blogs.correiobraziliense.com.br\/vicente\/gol-tem-as-passagens-mais-caras-de-brasilia-para-o-rio\/","title":{"rendered":"Gol tem as passagens mais caras de Bras\u00edlia para o Rio"},"content":{"rendered":"<h2>Quem estiver afim de passar um fim de semana no Rio de Janeiro, saindo de Bras\u00edlia, deve pesquisar bem os pre\u00e7os das passagens de avi\u00e3o. Os valores variam muito de uma empresa para outra. A pregui\u00e7a daqueles que n\u00e3o gostam de pesquisar as tarifas pode custar muito caro.<\/h2>\n<p>&nbsp;<\/p>\n<p>Se a op\u00e7\u00e3o for por sair de Bras\u00edlia numa sexta-feira \u00e0 noite com destino ao aeroporto de Santos Dumont e retornar no domingo, no \u00faltimo voo, a varia\u00e7\u00e3o de pre\u00e7os das passagens chega a 271,28%. Os pre\u00e7os v\u00e3o de R$ 276,79 por trecho, na Avianca, a R$ 1.027, 69, na Gol, disparadamente, a companhia com os bilhetes mais caros nesses hor\u00e1rios.<\/p>\n<p>&nbsp;<\/p>\n<p>A pesquisa do <strong>Blog<\/strong> leva em conta o embarque em Bras\u00edlia na sexta-feira, 30 de junho, com volta no domingo, 2 de julho. A empresa com a melhor m\u00e9dia de pre\u00e7os \u00e9 a TAM, com valor m\u00ednimo de R$ 287,68 e m\u00e1ximo, de R$ 467,68.<\/p>\n<p>&nbsp;<\/p>\n<p>Na Gol, que est\u00e1 na ponta contr\u00e1ria, a mais cara, as passagens variam nos hor\u00e1rios especificados, sexta \u00e0 noite (ida) e domingo \u00e0 noite (volta), entre R$ 928,69 e R$ 1.027,69. S\u00e3o valores exorbitantes. O bilhete de ida e volta de Bras\u00edlia para o Rio pode custar at\u00e9 R$ 2.055,38. \u00c9 mais caro do que ir para o exterior em v\u00e1rias \u00e9pocas do ano.<\/p>\n<p>&nbsp;<\/p>\n<p><strong>Cuidados<\/strong><\/p>\n<p>&nbsp;<\/p>\n<p>Na Avianca, a passagem mais barata \u00e9 de R$ 276,79 e a mais cara, de R$ 932,79. Para os especialistas, essa grande varia\u00e7\u00e3o s\u00f3 refor\u00e7a o quanto \u00e9 importante os consumidores pesquisarem muito os valores das passagens e, sobretudo, comprarem os bilhetes com anteced\u00eancia.<\/p>\n<p>&nbsp;<\/p>\n<p>&#8220;Percebi que as companhias a\u00e9reas reduziram muito a oferta de voos. Com isso, os pre\u00e7os m\u00e9dios subiram muito&#8221;, diz a advogada Andressa Marques, 33 anos. &#8220;J\u00e1 deixei de viajar com meu marido em momentos importantes, como o anivers\u00e1rio de minha irm\u00e3, porque n\u00e3o havia como pagar R$ 4 mil por duas passagens de Bras\u00edlia para o Rio&#8221;, acrescenta.<\/p>\n<p>&nbsp;<\/p>\n<p>Andressa conta que, agora, compra passagens com pelo menos quatro meses de anteced\u00eancia. Mesmo assim, n\u00e3o \u00e9 garantia de bons pre\u00e7os. &#8220;Fiz uma lista com datas importantes, como anivers\u00e1rios e casamentos de parentes no Rio, e programei as viagens. Agora, \u00e9 preciso ter disposi\u00e7\u00e3o para pesquisar e para comprar as passagens&#8221;, acrescenta.<\/p>\n<p>&nbsp;<\/p>\n<p><em>Bras\u00edlia, 13h09min<\/em><\/p>\n","protected":false},"excerpt":{"rendered":"<p>Quem estiver afim de passar um fim de semana no Rio de Janeiro, saindo de Bras\u00edlia, deve pesquisar bem os pre\u00e7os das passagens de avi\u00e3o. Os valores variam muito de uma empresa para outra. A pregui\u00e7a daqueles que n\u00e3o gostam de pesquisar as tarifas pode custar muito caro. &nbsp; Se a op\u00e7\u00e3o for por sair [&hellip;]<\/p>\n","protected":false},"author":22,"featured_media":0,"comment_status":"open","ping_status":"closed","sticky":false,"template":"","format":"standard","meta":{"footnotes":""},"categories":[600],"tags":[2229,442,2227,2226,465,2228,2230],"class_list":["post-4798","post","type-post","status-publish","format-standard","hentry","category-economia","tag-avianca","tag-cuidados","tag-gol","tag-passagens-de-aviao","tag-pesquisa","tag-tam","tag-variacao-de-precos"],"_links":{"self":[{"href":"https:\/\/blogs.correiobraziliense.com.br\/vicente\/wp-json\/wp\/v2\/posts\/4798","targetHints":{"allow":["GET"]}}],"collection":[{"href":"https:\/\/blogs.correiobraziliense.com.br\/vicente\/wp-json\/wp\/v2\/posts"}],"about":[{"href":"https:\/\/blogs.correiobraziliense.com.br\/vicente\/wp-json\/wp\/v2\/types\/post"}],"author":[{"embeddable":true,"href":"https:\/\/blogs.correiobraziliense.com.br\/vicente\/wp-json\/wp\/v2\/users\/22"}],"replies":[{"embeddable":true,"href":"https:\/\/blogs.correiobraziliense.com.br\/vicente\/wp-json\/wp\/v2\/comments?post=4798"}],"version-history":[{"count":1,"href":"https:\/\/blogs.correiobraziliense.com.br\/vicente\/wp-json\/wp\/v2\/posts\/4798\/revisions"}],"predecessor-version":[{"id":4799,"href":"https:\/\/blogs.correiobraziliense.com.br\/vicente\/wp-json\/wp\/v2\/posts\/4798\/revisions\/4799"}],"wp:attachment":[{"href":"https:\/\/blogs.correiobraziliense.com.br\/vicente\/wp-json\/wp\/v2\/media?parent=4798"}],"wp:term":[{"taxonomy":"category","embeddable":true,"href":"https:\/\/blogs.correiobraziliense.com.br\/vicente\/wp-json\/wp\/v2\/categories?post=4798"},{"taxonomy":"post_tag","embeddable":true,"href":"https:\/\/blogs.correiobraziliense.com.br\/vicente\/wp-json\/wp\/v2\/tags?post=4798"}],"curies":[{"name":"wp","href":"https:\/\/api.w.org\/{rel}","templated":true}]}}