{"id":4771,"date":"2017-05-05T10:17:22","date_gmt":"2017-05-05T13:17:22","guid":{"rendered":"https:\/\/blogs.correiobraziliense.com.br\/vicente\/?p=4771"},"modified":"2017-05-05T20:28:21","modified_gmt":"2017-05-05T23:28:21","slug":"pressao-de-empresarios-por-corte-maior-dos-juros-chega-ao-planalto","status":"publish","type":"post","link":"https:\/\/blogs.correiobraziliense.com.br\/vicente\/pressao-de-empresarios-por-corte-maior-dos-juros-chega-ao-planalto\/","title":{"rendered":"Press\u00e3o de empres\u00e1rios por corte maior dos juros chega ao Planalto"},"content":{"rendered":"<h2>Em meio \u00e0s dificuldades que vem enfrentando para levar a reforma da Previd\u00eancia Social adiante &#8212; ainda h\u00e1 d\u00favidas se realmente o governo conseguir\u00e1 votar e aprovar na C\u00e2mara, em primeiro turno, a Proposta de Emenda \u00e0 Constitui\u00e7\u00e3o (PEC) at\u00e9 o fim de maio&#8211;, os empres\u00e1rios fizeram chegar ao Pal\u00e1cio do Planalto suas queixas contra os juros altos.<\/h2>\n<p>&nbsp;<\/p>\n<p>Os empres\u00e1rios t\u00eam pedido ao presidente Michel Temer que sensibilize o Banco Central a ser um pouco mais ousado na condu\u00e7\u00e3o da pol\u00edtica monet\u00e1ria. Alegam que a infla\u00e7\u00e3o cedeu muito &#8212; inclusive o BC vem errando todos os meses as proje\u00e7\u00f5es, sempre apostando em n\u00fameros maiores do que os mostrados pelos \u00edndices de pre\u00e7os &#8212; e que os estragos das recess\u00e3o continuam presentes, sobretudo no mercado de trabalho.<\/p>\n<p>&nbsp;<\/p>\n<p>Nas reclama\u00e7\u00f5es, os empres\u00e1rios deixam claro que ningu\u00e9m est\u00e1 pedindo &#8220;interven\u00e7\u00e3o&#8221;, apenas uma &#8220;conversa&#8221; com o BC para que os juros caiam mais r\u00e1pido. Os empres\u00e1rios tamb\u00e9m pedem que a autoridade monet\u00e1ria seja mais enf\u00e1tica na sua agenda para for\u00e7ar os bancos a reduzirem os custos de empr\u00e9stimos e financiamentos.<\/p>\n<p>&nbsp;<\/p>\n<p><strong>Descompasso dos bancos<\/strong><\/p>\n<p>&nbsp;<\/p>\n<p>Como bem ressaltou um dos empres\u00e1rios com tr\u00e2nsito no Planalto, &#8220;de nada adianta o BC cortar os juros e se os bancos n\u00e3o fizezem o mesmo&#8221;. Os empres\u00e1rios mostraram a assessores de Temer que, em muitas das linhas de cr\u00e9dito oferecidas pelos bancos, os juros subiram em vez de ca\u00edrem, numa dire\u00e7\u00e3o totalmente oposta \u00e0 tomada pelo BC desde outubro do ano passado.<\/p>\n<p>&nbsp;<\/p>\n<p>Os empres\u00e1rios mostraram que at\u00e9 mesmo os bancos p\u00fablicos, o Banco do Brasil e a Caixa Econ\u00f4mica Federal, elevaram taxas de algumas opera\u00e7\u00f5es, dificultando o acesso a recursos important\u00edssimos para a retomada dos investimentos e, por tabela, da economia.<\/p>\n<p>&nbsp;<\/p>\n<p>Para o empresariado \u00e9 vital que os juros ca\u00edam mais r\u00e1pido e atinjam um d\u00edgito at\u00e9 o meio do ano. Para que isso aconte\u00e7a, no fim de maio, quando o Comit\u00ea de Pol\u00edtica Monet\u00e1ria (Copom) se reunir\u00e1, a taxa b\u00e1sica (Selic) teria que cair 1,5 ponto percentual, o que levaria o custo inicial do dinheiro dos atuais 11,25% para 9,75% ao ano.<\/p>\n<p>&nbsp;<\/p>\n<p>Ningu\u00e9m acredita que o BC far\u00e1 isso. A aposta majorit\u00e1ria do mercado \u00e9 de que a Selic ceder\u00e1 1 ponto percentual no fim deste m\u00eas, para 10,25%. Na melhor das hip\u00f3teses, os juros podem ceder 1,25 ponto, para 10%.<\/p>\n<p>&nbsp;<\/p>\n<p>Uma coisa \u00e9 certa: nas pr\u00f3ximas semanas, mesmo com toda a confus\u00e3o em torno da vota\u00e7\u00e3o das reformas, os juros entrar\u00e3o com tudo no debate. \u00c9 esperar para ver.<\/p>\n<p>&nbsp;<\/p>\n<p>&nbsp;<\/p>\n<p><em>Bras\u00edlia, 10h17min<\/em><\/p>\n","protected":false},"excerpt":{"rendered":"<p>Em meio \u00e0s dificuldades que vem enfrentando para levar a reforma da Previd\u00eancia Social adiante &#8212; ainda h\u00e1 d\u00favidas se realmente o governo conseguir\u00e1 votar e aprovar na C\u00e2mara, em primeiro turno, a Proposta de Emenda \u00e0 Constitui\u00e7\u00e3o (PEC) at\u00e9 o fim de maio&#8211;, os empres\u00e1rios fizeram chegar ao Pal\u00e1cio do Planalto suas queixas contra [&hellip;]<\/p>\n","protected":false},"author":22,"featured_media":0,"comment_status":"open","ping_status":"closed","sticky":false,"template":"","format":"standard","meta":{"footnotes":""},"categories":[600],"tags":[3,99,301,4,111,346],"class_list":["post-4771","post","type-post","status-publish","format-standard","hentry","category-economia","tag-banco-central","tag-copom","tag-empresarios","tag-juros","tag-michel-temer","tag-pressao"],"_links":{"self":[{"href":"https:\/\/blogs.correiobraziliense.com.br\/vicente\/wp-json\/wp\/v2\/posts\/4771","targetHints":{"allow":["GET"]}}],"collection":[{"href":"https:\/\/blogs.correiobraziliense.com.br\/vicente\/wp-json\/wp\/v2\/posts"}],"about":[{"href":"https:\/\/blogs.correiobraziliense.com.br\/vicente\/wp-json\/wp\/v2\/types\/post"}],"author":[{"embeddable":true,"href":"https:\/\/blogs.correiobraziliense.com.br\/vicente\/wp-json\/wp\/v2\/users\/22"}],"replies":[{"embeddable":true,"href":"https:\/\/blogs.correiobraziliense.com.br\/vicente\/wp-json\/wp\/v2\/comments?post=4771"}],"version-history":[{"count":1,"href":"https:\/\/blogs.correiobraziliense.com.br\/vicente\/wp-json\/wp\/v2\/posts\/4771\/revisions"}],"predecessor-version":[{"id":4772,"href":"https:\/\/blogs.correiobraziliense.com.br\/vicente\/wp-json\/wp\/v2\/posts\/4771\/revisions\/4772"}],"wp:attachment":[{"href":"https:\/\/blogs.correiobraziliense.com.br\/vicente\/wp-json\/wp\/v2\/media?parent=4771"}],"wp:term":[{"taxonomy":"category","embeddable":true,"href":"https:\/\/blogs.correiobraziliense.com.br\/vicente\/wp-json\/wp\/v2\/categories?post=4771"},{"taxonomy":"post_tag","embeddable":true,"href":"https:\/\/blogs.correiobraziliense.com.br\/vicente\/wp-json\/wp\/v2\/tags?post=4771"}],"curies":[{"name":"wp","href":"https:\/\/api.w.org\/{rel}","templated":true}]}}