{"id":4763,"date":"2017-05-04T13:17:59","date_gmt":"2017-05-04T16:17:59","guid":{"rendered":"https:\/\/blogs.correiobraziliense.com.br\/vicente\/?p=4763"},"modified":"2017-05-04T15:45:06","modified_gmt":"2017-05-04T18:45:06","slug":"76-milhoes-poderao-sacar-r-108-bi-do-fgts-partir-de-12-de-maio","status":"publish","type":"post","link":"https:\/\/blogs.correiobraziliense.com.br\/vicente\/76-milhoes-poderao-sacar-r-108-bi-do-fgts-partir-de-12-de-maio\/","title":{"rendered":"7,6 milh\u00f5es poder\u00e3o sacar R$ 10,8 bi do FGTS a partir de 12 de maio"},"content":{"rendered":"<h2>Os trabalhadores nascidos nos meses de junho, julho e agosto podem se preparar. As ag\u00eancias da Caixa Econ\u00f4mica Federal j\u00e1 est\u00e3o preparadas para a terceira etapa de saques de contas inativas do Fundo de Garantia do Tempo de Servi\u00e7o (FGTS) a partir de 12 de maio.<\/h2>\n<p>&nbsp;<\/p>\n<p>Pelos c\u00e1lculos do banco, 7,6 milh\u00f5es de trabalhadores poder\u00e3o sacar R$ 10,8 bilh\u00f5es. A ansiedade \u00e9 grande, uma vez que o dinheiro dispon\u00edvel ser\u00e1 usado, na maior parte dos casos, para o pagamento de d\u00edvidas em atraso.<\/p>\n<p>&nbsp;<\/p>\n<p>A Caixa ainda n\u00e3o bateu o martelo, mas \u00e9 poss\u00edvel que, como nos dois lotes anteriores, parte das ag\u00eancias abra mais cedo para atender os trabalhadores de forma a evitar transtornos. Ainda h\u00e1 muita gente com d\u00favidas em rela\u00e7\u00e3o aos saques.<\/p>\n<p>&nbsp;<\/p>\n<p>A expectativa do governo \u00e9 grande quanto ao impacto dos saques do FGTS na economia. Est\u00e3o sendo disponibilizados R$ 43 bilh\u00f5es, dos quais mais de R$ 17 bilh\u00f5es j\u00e1 foram retirados. Pela proje\u00e7\u00e3o da equipe econ\u00f4mica, ao longo do tempo, a inje\u00e7\u00e3o dos recursos na economia poder\u00e1 resultar em incremento de 0,4% a 0,6% no Produto Interno Bruto (PIB).<\/p>\n<p>&nbsp;<\/p>\n<p><strong>Calend\u00e1rio<\/strong><\/p>\n<p>&nbsp;<\/p>\n<p>Pelo calend\u00e1rio definido pelo governo, o prazo final para saques de contas inativas do FGTS \u00e9 31 de julho. Depois disso, o dinheiro voltar\u00e1 a seguir as regras tradicionais do fundo, como o uso do dinheiro para a compra da casa pr\u00f3pria e em caso de demiss\u00e3o sem justa causa.<\/p>\n<p>&nbsp;<\/p>\n<p>Em 12 de maio come\u00e7am a contar os prazos para os nascidos em junho, julho e agosto. Em 16 de junho, poder\u00e3o retirar as quantias liberadas os nascidos setembro, outubro e novembro. Em 14 de julho, os recursos estar\u00e3o liberados para os trabalhadores nascidos em dezembro.<\/p>\n<p>&nbsp;<\/p>\n<p>Pesquisas de mercados mostram que, do dinheiro que j\u00e1 foi sacado, entre 20% e 50% foram direto para o consumo e o restante, para o pagamento de d\u00edvidas. Nos c\u00e1lculos do Minist\u00e9rio do Planejamento, at\u00e9 80% do dinheiro liberado podem ter ido para compras de bens e de servi\u00e7os.<\/p>\n<p>&nbsp;<\/p>\n<p>T\u00e9cnicos do Planejamento dizem que, mesmo que, num primeiro momento, o dinheiro do FGTS n\u00e3o tenha sido destinado diretamente para bens e servi\u00e7os, o fato de as fam\u00edlias estarem limpando o or\u00e7amento abre a perspectiva de consumo futuro, o que ajudar\u00e1 a impulsionar o Produto Interno Bruto (PIB).<\/p>\n<p>&nbsp;<\/p>\n<p><em>Bras\u00edlia, 13h17min<\/em><\/p>\n","protected":false},"excerpt":{"rendered":"<p>Os trabalhadores nascidos nos meses de junho, julho e agosto podem se preparar. As ag\u00eancias da Caixa Econ\u00f4mica Federal j\u00e1 est\u00e3o preparadas para a terceira etapa de saques de contas inativas do Fundo de Garantia do Tempo de Servi\u00e7o (FGTS) a partir de 12 de maio. &nbsp; Pelos c\u00e1lculos do banco, 7,6 milh\u00f5es de trabalhadores [&hellip;]<\/p>\n","protected":false},"author":22,"featured_media":0,"comment_status":"open","ping_status":"closed","sticky":false,"template":"","format":"standard","meta":{"footnotes":""},"categories":[600],"tags":[],"class_list":["post-4763","post","type-post","status-publish","format-standard","hentry","category-economia"],"_links":{"self":[{"href":"https:\/\/blogs.correiobraziliense.com.br\/vicente\/wp-json\/wp\/v2\/posts\/4763","targetHints":{"allow":["GET"]}}],"collection":[{"href":"https:\/\/blogs.correiobraziliense.com.br\/vicente\/wp-json\/wp\/v2\/posts"}],"about":[{"href":"https:\/\/blogs.correiobraziliense.com.br\/vicente\/wp-json\/wp\/v2\/types\/post"}],"author":[{"embeddable":true,"href":"https:\/\/blogs.correiobraziliense.com.br\/vicente\/wp-json\/wp\/v2\/users\/22"}],"replies":[{"embeddable":true,"href":"https:\/\/blogs.correiobraziliense.com.br\/vicente\/wp-json\/wp\/v2\/comments?post=4763"}],"version-history":[{"count":7,"href":"https:\/\/blogs.correiobraziliense.com.br\/vicente\/wp-json\/wp\/v2\/posts\/4763\/revisions"}],"predecessor-version":[{"id":4770,"href":"https:\/\/blogs.correiobraziliense.com.br\/vicente\/wp-json\/wp\/v2\/posts\/4763\/revisions\/4770"}],"wp:attachment":[{"href":"https:\/\/blogs.correiobraziliense.com.br\/vicente\/wp-json\/wp\/v2\/media?parent=4763"}],"wp:term":[{"taxonomy":"category","embeddable":true,"href":"https:\/\/blogs.correiobraziliense.com.br\/vicente\/wp-json\/wp\/v2\/categories?post=4763"},{"taxonomy":"post_tag","embeddable":true,"href":"https:\/\/blogs.correiobraziliense.com.br\/vicente\/wp-json\/wp\/v2\/tags?post=4763"}],"curies":[{"name":"wp","href":"https:\/\/api.w.org\/{rel}","templated":true}]}}