{"id":4753,"date":"2017-05-03T09:30:42","date_gmt":"2017-05-03T12:30:42","guid":{"rendered":"https:\/\/blogs.correiobraziliense.com.br\/vicente\/?p=4753"},"modified":"2017-05-03T13:30:42","modified_gmt":"2017-05-03T16:30:42","slug":"recuperacao-da-economia-esta-mais-lenta-do-que-governo-gostaria","status":"publish","type":"post","link":"https:\/\/blogs.correiobraziliense.com.br\/vicente\/recuperacao-da-economia-esta-mais-lenta-do-que-governo-gostaria\/","title":{"rendered":"Recupera\u00e7\u00e3o da economia est\u00e1 mais lenta do que governo gostaria"},"content":{"rendered":"<h2>ANTONIO TEM\u00d3TEO<\/h2>\n<h2><\/h2>\n<h2>O governo brasileiro tem empenhado esfor\u00e7os para aprovar um pacote de reformas estruturais a fim de que a economia brasileira volte a crescer. Para alcan\u00e7ar esse objetivo, o Executivo promove constantes reuni\u00f5es com os principais l\u00edderes partid\u00e1rios para buscar votos e retalia os parlamentares infi\u00e9is. Todo esfor\u00e7o imprimido pela equipe de Michel Temer deve resultar em uma melhora do ambiente no longo prazo. Em 2017 e em parte de 2018, ainda conviveremos com altas taxas de desemprego e com um fraco desempenho dos principais setores da economia.<\/h2>\n<p>&nbsp;<\/p>\n<p>Hoje, o Instituto Brasileiro de Geografia e Estat\u00edstica (IBGE) divulga o resultado de mar\u00e7o da Pesquisa Industrial Mensal e consequentemente os dados acumulados at\u00e9 o fim do primeiro trimestre. No mercado, as perspectivas s\u00e3o de que o setor registre estabilidade em 2017, ap\u00f3s dois anos de profundas quedas. Muitos avaliam que o desempenho nos tr\u00eas primeiros meses do ano ainda indicar\u00e1 estagna\u00e7\u00e3o, diante da cautela dos empres\u00e1rios em busca de dados animadores. Para piorar a situa\u00e7\u00e3o, o n\u00edvel recorde de ociosidade implicar\u00e1 lenta recupera\u00e7\u00e3o.<\/p>\n<p>&nbsp;<\/p>\n<p>Esse resultado influenciar\u00e1 o Produto Interno Bruto (PIB). A mediana das expectativas dos analistas chegou a 0,46%, conforme o boletim Focus do Banco Central (BC). Para o economista-chefe da SulAmerica Investimentos, Newton Rosa, nas pr\u00f3ximas semanas as quest\u00f5es pol\u00edticas continuar\u00e3o dando o tom para os neg\u00f3cios. Ap\u00f3s os protestos contra as reformas na \u00faltima semana, as aten\u00e7\u00f5es se concentrar\u00e3o na vota\u00e7\u00e3o da reforma da Previd\u00eancia Social na Comiss\u00e3o Especial da C\u00e2mara, prevista para hoje. Conforme o especialista, o governo federal espera obter entre 22 e 25 votos favor\u00e1veis \u00e0 Proposta de Emenda \u00e0 Constitui\u00e7\u00e3o (PEC), o suficiente para a aprova\u00e7\u00e3o.<\/p>\n<p>&nbsp;<\/p>\n<p><strong>Tend\u00eancia<\/strong><\/p>\n<p>&nbsp;<\/p>\n<p>Na agenda econ\u00f4mica, comenta Rosa, os indicadores da produ\u00e7\u00e3o industrial apontar\u00e3o uma tend\u00eancia ainda de modera\u00e7\u00e3o. \u201cPelas nossas proje\u00e7\u00f5es, a produ\u00e7\u00e3o industrial brasileira segue mostrando altos e baixos, sem defini\u00e7\u00e3o clara de uma tend\u00eancia de recupera\u00e7\u00e3o\u201d, comenta. A queda na produ\u00e7\u00e3o de autom\u00f3veis, o recuo no fluxo de ve\u00edculos pesados em estradas pedagiadas e a queda na expedi\u00e7\u00e3o do papel\u00e3o ondulado, detalha o economista, respalda proje\u00e7\u00e3o de queda de 1,4% na produ\u00e7\u00e3o em mar\u00e7o, quando comparada ao m\u00eas anterior, pela s\u00e9rie dessazonalizada. \u201cIsso significa um aumento de 0,4% na compara\u00e7\u00e3o com o produzido em mar\u00e7o de 2016\u201d, destacou.<\/p>\n<p>&nbsp;<\/p>\n<p>A expectativa de alta n\u00e3o \u00e9 unanimidade entre os analistas. Nas contas do economista-chefe do Banco Haitong, Jankiel Santos, a ind\u00fastria brasileira registrou uma retra\u00e7\u00e3o mensal de 0,9% em termos dessazonalizados em rela\u00e7\u00e3o a fevereiro, bastante influenciada pelo comportamento desfavor\u00e1vel do segmento automotivo no per\u00edodo.\u201d\u00c9 bem verdade que, a despeito da contra\u00e7\u00e3o mensal estimada para mar\u00e7o, quando fizermos a compara\u00e7\u00e3o do n\u00edvel m\u00e9dio da produ\u00e7\u00e3o industrial no primeiro trimestre de 2017, frente ao quarto trimestre de 2016, deveremos observar uma expans\u00e3o de 1,3% em termos dessazonalizados\u201d, comentou. Se essa an\u00e1lise for confirmada, destaca Santos, a percep\u00e7\u00e3o \u00e9 de que o fundo do po\u00e7o j\u00e1 foi atingido e dever\u00e1 se intensificar a esperan\u00e7a quanto ao in\u00edcio de um processo de retomada.<\/p>\n<p>&nbsp;<\/p>\n<p>Por\u00e9m, com a ressalva de que o ritmo dessa recupera\u00e7\u00e3o dever\u00e1 ser, al\u00e9m de lento, inconstante ao longo dos pr\u00f3ximos meses. \u201cDessa maneira, o diagn\u00f3stico tra\u00e7ado pelo Banco Central de que a atividade econ\u00f4mica ainda fornecer\u00e1 press\u00e3o deflacion\u00e1ria permanecer\u00e1 v\u00e1lido e possibilitar\u00e1 a continuidade do ciclo de queda da taxa b\u00e1sica de juros\u201d, disse. A modera\u00e7\u00e3o do n\u00edvel de atividade, destacou o economista, abrir\u00e1 espa\u00e7o para cortes substanciais da taxa b\u00e1sica de juros (Selic), como sinalizado pela autoridade monet\u00e1ria brasileira na ata da \u00faltima reuni\u00e3o do Comit\u00ea de Pol\u00edtica Monet\u00e1ria (Copom).<\/p>\n<p>&nbsp;<\/p>\n<p><strong>Modera\u00e7\u00e3o<\/strong><\/p>\n<p>&nbsp;<br \/>\nA economia brasileira passa por um processo de estabiliza\u00e7\u00e3o, avalia o economista-chefe do Instituto de Estudos para o Desenvolvimento Industrial (Iedi), Rafael Cagnin. Conforme ele, 2015 foi um ano de aprofundamento da crise, 2016, de modera\u00e7\u00e3o, e at\u00e9 dezembro o pa\u00eds deve estancar a sangria. Diante desse ambiente, a ind\u00fastria est\u00e1 em paralisia \u00e0 espera de elementos que indicar\u00e3o o fim da estagna\u00e7\u00e3o econ\u00f4mica. \u201cOs juros altos t\u00eam papel importante nesse processo. O setor produz bens de consumo dur\u00e1veis e as taxas s\u00e3o essenciais para financiamentos dos produtos e para os investimentos dos empres\u00e1rios. O processo de queda foi tardio\u201d, avaliou.<\/p>\n<p>&nbsp;<\/p>\n<p>Para Cagnin, o aumento do ritmo de cortes dos juros pode ajudar a produ\u00e7\u00e3o industrial. Ele relembra que, a partir do ano passado, com o processo de ancoragem de expectativas e queda da infla\u00e7\u00e3o, a taxa real aumentou significativamente, trazendo press\u00f5es contracionistas para a economia. \u201cO processo ser\u00e1 diante do n\u00edvel recorde de ociosidade da capacidade instalada. Agora precisamos de uma queda mais forte da Selic para que a economia como um todo volte a reagir\u201d, destaca.<\/p>\n<p>&nbsp;<\/p>\n<p><em>Bras\u00edlia, 09h30min<\/em><\/p>\n","protected":false},"excerpt":{"rendered":"<p>ANTONIO TEM\u00d3TEO O governo brasileiro tem empenhado esfor\u00e7os para aprovar um pacote de reformas estruturais a fim de que a economia brasileira volte a crescer. Para alcan\u00e7ar esse objetivo, o Executivo promove constantes reuni\u00f5es com os principais l\u00edderes partid\u00e1rios para buscar votos e retalia os parlamentares infi\u00e9is. Todo esfor\u00e7o imprimido pela equipe de Michel Temer [&hellip;]<\/p>\n","protected":false},"author":22,"featured_media":0,"comment_status":"open","ping_status":"closed","sticky":false,"template":"","format":"standard","meta":{"footnotes":""},"categories":[600],"tags":[589,14,4,111,58,136],"class_list":["post-4753","post","type-post","status-publish","format-standard","hentry","category-economia","tag-economia","tag-inflacao","tag-juros","tag-michel-temer","tag-pib","tag-recuperacao"],"_links":{"self":[{"href":"https:\/\/blogs.correiobraziliense.com.br\/vicente\/wp-json\/wp\/v2\/posts\/4753","targetHints":{"allow":["GET"]}}],"collection":[{"href":"https:\/\/blogs.correiobraziliense.com.br\/vicente\/wp-json\/wp\/v2\/posts"}],"about":[{"href":"https:\/\/blogs.correiobraziliense.com.br\/vicente\/wp-json\/wp\/v2\/types\/post"}],"author":[{"embeddable":true,"href":"https:\/\/blogs.correiobraziliense.com.br\/vicente\/wp-json\/wp\/v2\/users\/22"}],"replies":[{"embeddable":true,"href":"https:\/\/blogs.correiobraziliense.com.br\/vicente\/wp-json\/wp\/v2\/comments?post=4753"}],"version-history":[{"count":1,"href":"https:\/\/blogs.correiobraziliense.com.br\/vicente\/wp-json\/wp\/v2\/posts\/4753\/revisions"}],"predecessor-version":[{"id":4754,"href":"https:\/\/blogs.correiobraziliense.com.br\/vicente\/wp-json\/wp\/v2\/posts\/4753\/revisions\/4754"}],"wp:attachment":[{"href":"https:\/\/blogs.correiobraziliense.com.br\/vicente\/wp-json\/wp\/v2\/media?parent=4753"}],"wp:term":[{"taxonomy":"category","embeddable":true,"href":"https:\/\/blogs.correiobraziliense.com.br\/vicente\/wp-json\/wp\/v2\/categories?post=4753"},{"taxonomy":"post_tag","embeddable":true,"href":"https:\/\/blogs.correiobraziliense.com.br\/vicente\/wp-json\/wp\/v2\/tags?post=4753"}],"curies":[{"name":"wp","href":"https:\/\/api.w.org\/{rel}","templated":true}]}}