{"id":4744,"date":"2017-05-01T21:01:00","date_gmt":"2017-05-02T00:01:00","guid":{"rendered":"https:\/\/blogs.correiobraziliense.com.br\/vicente\/?p=4744"},"modified":"2017-05-01T22:41:29","modified_gmt":"2017-05-02T01:41:29","slug":"tiraram-o-meu-bem-mais-precioso-diz-viuva-de-morto-em-acidente","status":"publish","type":"post","link":"https:\/\/blogs.correiobraziliense.com.br\/vicente\/tiraram-o-meu-bem-mais-precioso-diz-viuva-de-morto-em-acidente\/","title":{"rendered":"&#8220;Tiraram o meu bem mais precioso&#8221;, diz vi\u00fava de morto em acidente"},"content":{"rendered":"<h2>Fabr\u00edcia Gouveia, 48 anos, est\u00e1 devastada. A morte do marido, Ricardo Clemente Cayres, 46, em um violento acidente na L4, domingo (30 de abril) \u00e0 noite, destruiu sonhos e a promessa de uma longa vida a dois. O carro que Ricardo estava foi destru\u00eddo por um ve\u00edculo que participava de um pega. No acidente, a m\u00e3e dele, Cleusa Cayres, 69, tamb\u00e9m morreu. Duas pessoas da fam\u00edlia, o pai e o cunhado, ficaram feridos. Os motoristas dos tr\u00eas carros que provocaram a trag\u00e9dia estavam embriagados.<\/h2>\n<p>&nbsp;<\/p>\n<p><a href=\"https:\/\/blogs.correiobraziliense.com.br\/vicente\/wp-content\/uploads\/sites\/16\/2017\/05\/Fabricia.jpg\" rel=\"attachment wp-att-4745\"><img loading=\"lazy\" decoding=\"async\" class=\"alignnone size-medium wp-image-4745\" src=\"https:\/\/blogs.correiobraziliense.com.br\/vicente\/wp-content\/uploads\/sites\/16\/2017\/05\/Fabricia-300x225.jpg\" alt=\"Fabricia\" width=\"300\" height=\"225\" srcset=\"https:\/\/blogs.correiobraziliense.com.br\/vicente\/wp-content\/uploads\/sites\/16\/2017\/05\/Fabricia-300x225.jpg 300w, https:\/\/blogs.correiobraziliense.com.br\/vicente\/wp-content\/uploads\/sites\/16\/2017\/05\/Fabricia-350x263.jpg 350w, https:\/\/blogs.correiobraziliense.com.br\/vicente\/wp-content\/uploads\/sites\/16\/2017\/05\/Fabricia-550x413.jpg 550w, https:\/\/blogs.correiobraziliense.com.br\/vicente\/wp-content\/uploads\/sites\/16\/2017\/05\/Fabricia-230x173.jpg 230w, https:\/\/blogs.correiobraziliense.com.br\/vicente\/wp-content\/uploads\/sites\/16\/2017\/05\/Fabricia.jpg 720w\" sizes=\"auto, (max-width: 300px) 100vw, 300px\" \/><\/a><\/p>\n<p>&nbsp;<\/p>\n<p>O inconformismo de Fabr\u00edcia \u00e9 grande: \u201c\u00c9 inacredit\u00e1vel que pessoas irrespons\u00e1veis no tr\u00e2nsito continuem destruindo tantas fam\u00edlias. As pessoas que mataram Ricardo e a m\u00e3e dele, Cleusa, precisam ter a no\u00e7\u00e3o do mal que fizeram. Dizem que n\u00e3o estavam com os carros em alta velocidade, dizem que n\u00e3o beberam antes de dirigir. \u00c9 mentira. H\u00e1 testemunhas. Todos viram a viol\u00eancia com que atingiram o carro no qual estava o meu marido&#8221;, diz. Para ela, \u00e9 preciso uma puni\u00e7\u00e3o severa. &#8220;De nada vai adiantar sentirem vergonha do que fizeram, pagarem cestas b\u00e1sicas ou fian\u00e7as. Eles cometeram uma viol\u00eancia imperdo\u00e1vel. At\u00e9 quando pessoas como essas continuar\u00e3o destruindo fam\u00edlias?&#8221;, indaga.<\/p>\n<p>&nbsp;<\/p>\n<p>Para Fabr\u00edcia, lhe roubaram o melhor da vida. &#8220;A dor que estamos sentindo \u00e9 enorme. Ricardo, meu marido, fazia a diferen\u00e7a. Ele s\u00f3 pensava em ajudar os outros. \u00c9 inacredit\u00e1vel que tenha sido tirado de n\u00f3s de forma t\u00e3o violenta. N\u00e3o poderei mais dar beijos e abra\u00e7ar o bem mais precioso que Deus me deu. N\u00e3o posso ter filhos. Acreditava que, com ele, viveria o resto dos meus dias. Apenas ele e eu, felizes&#8221;, afirma. Muitas eram as promessas baseadas no amor. &#8220;Prometemos cuidar um do outro desde o dia em que nos conhecemos, h\u00e1 10 anos. Foi um ano de namoro e nove de casamento. Como fomos felizes. Por que tiraram o Ricardo de mim?&#8221;, pergunta.<\/p>\n<p>&nbsp;<\/p>\n<p><a href=\"https:\/\/blogs.correiobraziliense.com.br\/vicente\/wp-content\/uploads\/sites\/16\/2017\/05\/Fabricia1.jpg\" rel=\"attachment wp-att-4746\"><img loading=\"lazy\" decoding=\"async\" class=\"alignnone size-medium wp-image-4746\" src=\"https:\/\/blogs.correiobraziliense.com.br\/vicente\/wp-content\/uploads\/sites\/16\/2017\/05\/Fabricia1-300x169.jpg\" alt=\"Fabricia1\" width=\"300\" height=\"169\" srcset=\"https:\/\/blogs.correiobraziliense.com.br\/vicente\/wp-content\/uploads\/sites\/16\/2017\/05\/Fabricia1-300x169.jpg 300w, https:\/\/blogs.correiobraziliense.com.br\/vicente\/wp-content\/uploads\/sites\/16\/2017\/05\/Fabricia1-350x197.jpg 350w, https:\/\/blogs.correiobraziliense.com.br\/vicente\/wp-content\/uploads\/sites\/16\/2017\/05\/Fabricia1-550x309.jpg 550w, https:\/\/blogs.correiobraziliense.com.br\/vicente\/wp-content\/uploads\/sites\/16\/2017\/05\/Fabricia1-230x129.jpg 230w, https:\/\/blogs.correiobraziliense.com.br\/vicente\/wp-content\/uploads\/sites\/16\/2017\/05\/Fabricia1.jpg 720w\" sizes=\"auto, (max-width: 300px) 100vw, 300px\" \/><\/a><\/p>\n<p>&nbsp;<\/p>\n<p>No s\u00e1bado, antes da morte de Ricardo, ele a Fabr\u00edcia haviam passado o dia procurando um terreno para construirmos a casa que tanto sonhavam. &#8220;Est\u00e1vamos t\u00e3o felizes, faz\u00edamos tantos planos. T\u00ednhamos escolhido ficarmos juntos. Sab\u00edamos que n\u00e3o poder\u00edamos ter filhos, pois eu havia tirado o \u00fatero. Isso em nada nos abalou, tamanho era o companheirismo dele, uma pessoa sempre disposta a ajudar o pr\u00f3ximo. Ele chegava ao ponto de parar o carro num dia chuvoso para oferecer um guarda-chuvas a algu\u00e9m que estivesse sem prote\u00e7\u00e3o. N\u00e3o podia ver um cachorro abandonado na rua. Enquanto n\u00e3o encontrava uma solu\u00e7\u00e3o, n\u00e3o sossegava&#8221;, lembra.<br \/>\nSer\u00e1 dif\u00edcil retomar o rumo. &#8220;Ricardo morreu com a m\u00e3e. Ele tinha uma paix\u00e3o enorme por ela. Era s\u00f3 beijos e abra\u00e7os com ela. Como puderam tirar a vida de m\u00e3e e filho de forma t\u00e3o violenta? At\u00e9 quando vamos ficar calados achando que mortes t\u00e3o violentas no tr\u00e2nsito s\u00e3o normais? N\u00e3o s\u00e3o&#8221;, diz. Para Fabr\u00edcia, fam\u00edlias n\u00e3o podem ser destru\u00eddas por irrespons\u00e1veis. &#8220;Daqui a pouco, todos estar\u00e3o sorrindo, como se nada tivesse acontecido, protegidos pela impunidade. E eu? E a fam\u00edlia do Ricardo? S\u00f3 nos restar\u00e1 conviver com uma dor dilacerante, com uma ferida que jamais cicatrizar\u00e1.\u201d<\/p>\n<p>&nbsp;<\/p>\n<p><a href=\"https:\/\/blogs.correiobraziliense.com.br\/vicente\/wp-content\/uploads\/sites\/16\/2017\/05\/Fabricia2.jpg\" rel=\"attachment wp-att-4747\"><img loading=\"lazy\" decoding=\"async\" class=\"alignnone size-medium wp-image-4747\" src=\"https:\/\/blogs.correiobraziliense.com.br\/vicente\/wp-content\/uploads\/sites\/16\/2017\/05\/Fabricia2-300x225.jpg\" alt=\"Fabricia2\" width=\"300\" height=\"225\" srcset=\"https:\/\/blogs.correiobraziliense.com.br\/vicente\/wp-content\/uploads\/sites\/16\/2017\/05\/Fabricia2-300x225.jpg 300w, https:\/\/blogs.correiobraziliense.com.br\/vicente\/wp-content\/uploads\/sites\/16\/2017\/05\/Fabricia2-350x263.jpg 350w, https:\/\/blogs.correiobraziliense.com.br\/vicente\/wp-content\/uploads\/sites\/16\/2017\/05\/Fabricia2-550x413.jpg 550w, https:\/\/blogs.correiobraziliense.com.br\/vicente\/wp-content\/uploads\/sites\/16\/2017\/05\/Fabricia2-230x173.jpg 230w, https:\/\/blogs.correiobraziliense.com.br\/vicente\/wp-content\/uploads\/sites\/16\/2017\/05\/Fabricia2.jpg 640w\" sizes=\"auto, (max-width: 300px) 100vw, 300px\" \/><\/a><\/p>\n<p>&nbsp;<\/p>\n<p><em>Bras\u00edlia, 21h09min<\/em><\/p>\n","protected":false},"excerpt":{"rendered":"<p>Fabr\u00edcia Gouveia, 48 anos, est\u00e1 devastada. A morte do marido, Ricardo Clemente Cayres, 46, em um violento acidente na L4, domingo (30 de abril) \u00e0 noite, destruiu sonhos e a promessa de uma longa vida a dois. O carro que Ricardo estava foi destru\u00eddo por um ve\u00edculo que participava de um pega. No acidente, a [&hellip;]<\/p>\n","protected":false},"author":22,"featured_media":0,"comment_status":"open","ping_status":"closed","sticky":false,"template":"","format":"standard","meta":{"footnotes":""},"categories":[600],"tags":[2197,2196,2194,2199,2198,2195,2200],"class_list":["post-4744","post","type-post","status-publish","format-standard","hentry","category-economia","tag-acidente","tag-celusa-cayres","tag-fabricia-gouveia","tag-motoristas-embriagados","tag-pega","tag-ricardo-cayres","tag-roubaram-o-melhor-da-minha-vida"],"_links":{"self":[{"href":"https:\/\/blogs.correiobraziliense.com.br\/vicente\/wp-json\/wp\/v2\/posts\/4744","targetHints":{"allow":["GET"]}}],"collection":[{"href":"https:\/\/blogs.correiobraziliense.com.br\/vicente\/wp-json\/wp\/v2\/posts"}],"about":[{"href":"https:\/\/blogs.correiobraziliense.com.br\/vicente\/wp-json\/wp\/v2\/types\/post"}],"author":[{"embeddable":true,"href":"https:\/\/blogs.correiobraziliense.com.br\/vicente\/wp-json\/wp\/v2\/users\/22"}],"replies":[{"embeddable":true,"href":"https:\/\/blogs.correiobraziliense.com.br\/vicente\/wp-json\/wp\/v2\/comments?post=4744"}],"version-history":[{"count":2,"href":"https:\/\/blogs.correiobraziliense.com.br\/vicente\/wp-json\/wp\/v2\/posts\/4744\/revisions"}],"predecessor-version":[{"id":4749,"href":"https:\/\/blogs.correiobraziliense.com.br\/vicente\/wp-json\/wp\/v2\/posts\/4744\/revisions\/4749"}],"wp:attachment":[{"href":"https:\/\/blogs.correiobraziliense.com.br\/vicente\/wp-json\/wp\/v2\/media?parent=4744"}],"wp:term":[{"taxonomy":"category","embeddable":true,"href":"https:\/\/blogs.correiobraziliense.com.br\/vicente\/wp-json\/wp\/v2\/categories?post=4744"},{"taxonomy":"post_tag","embeddable":true,"href":"https:\/\/blogs.correiobraziliense.com.br\/vicente\/wp-json\/wp\/v2\/tags?post=4744"}],"curies":[{"name":"wp","href":"https:\/\/api.w.org\/{rel}","templated":true}]}}