{"id":4734,"date":"2017-04-27T19:50:50","date_gmt":"2017-04-27T22:50:50","guid":{"rendered":"https:\/\/blogs.correiobraziliense.com.br\/vicente\/?p=4734"},"modified":"2017-04-27T20:11:44","modified_gmt":"2017-04-27T23:11:44","slug":"vivo-e-tim-continuam-na-disputa-pela-nextel-claro-esta-fora","status":"publish","type":"post","link":"https:\/\/blogs.correiobraziliense.com.br\/vicente\/vivo-e-tim-continuam-na-disputa-pela-nextel-claro-esta-fora\/","title":{"rendered":"Vivo e TIM continuam na disputa pela Nextel. Claro est\u00e1 fora"},"content":{"rendered":"<h2>Ao mesmo tempo que aguarda, com ansiedade, a medida provis\u00f3ria que ser\u00e1 editada nesta sexta-feira, 28, pelo governo decretando interven\u00e7\u00e3o na Oi, o mercado acompanha as negocia\u00e7\u00f5es para a venda da Nextel.<\/h2>\n<p>&nbsp;<\/p>\n<p>O grupo Nii Holdings, controlador da Nextel Brasil, vem mantendo entendimentos com a Vivo e a TIM, que t\u00eam demonstrado grande interesse em assumir o controle da empresa, sobretudo depois da desist\u00eancia da Claro.<\/p>\n<p>&nbsp;<\/p>\n<p>Com graves problemas de liquidez, a Nextel s\u00f3 conseguir\u00e1 sobreviver se for incorporada por uma das grandes empresas de telefonia ou por um grupo que realmente esteja disposto a investir nas opera\u00e7\u00f5es da empresa.<\/p>\n<p>&nbsp;<\/p>\n<p><strong>Desinteresse<\/strong><\/p>\n<p>&nbsp;<\/p>\n<p>Os especialistas lembram que a Nextel n\u00e3o despertou interesse em nenhum player estrangeiro devido \u00e0 pequena dimens\u00e3o de seus neg\u00f3cios e do n\u00famero significativo de clientes que operam com base na tecnologia IDEN (23% do total), considerada ultrapassada.<\/p>\n<p>&nbsp;<\/p>\n<p>Por outro lado, al\u00e9m de uma base p\u00f3s-pago de 3,6 milh\u00f5es de assinantes com gastos mensais acima R$ 66, a Nextel conta com frequ\u00eancias de espectro estrat\u00e9gicas, especialmente a de 30 MHz na faixa de 1,8 GHz na regi\u00e3o metropolitana de S\u00e3o Paulo, pela qual pagou R$ 455 milh\u00f5e,s e a de 20 MHz na faixa de 1,9 \/2,1 GHz, que demandou investimento de R $ 1,2 bilh\u00e3o.<\/p>\n<p>&nbsp;<\/p>\n<p>Somente neste ano, a empresa dever\u00e1 pagar US$ 225 milh\u00f5es em juros da d\u00edvida e espera uma despesa operacional entre US$ 200 milh\u00f5es e US$ 250 milh\u00f5es. O fluxo de caixa n\u00e3o ser\u00e1 suficiente para cobrir todas as despesas.<\/p>\n<p>&nbsp;<\/p>\n<p><em>Bras\u00edlia, 19h50min<\/em><\/p>\n","protected":false},"excerpt":{"rendered":"<p>Ao mesmo tempo que aguarda, com ansiedade, a medida provis\u00f3ria que ser\u00e1 editada nesta sexta-feira, 28, pelo governo decretando interven\u00e7\u00e3o na Oi, o mercado acompanha as negocia\u00e7\u00f5es para a venda da Nextel. &nbsp; O grupo Nii Holdings, controlador da Nextel Brasil, vem mantendo entendimentos com a Vivo e a TIM, que t\u00eam demonstrado grande interesse [&hellip;]<\/p>\n","protected":false},"author":22,"featured_media":0,"comment_status":"open","ping_status":"closed","sticky":false,"template":"","format":"standard","meta":{"footnotes":""},"categories":[600],"tags":[2190,2192,710,2188,145,2191,2189],"class_list":["post-4734","post","type-post","status-publish","format-standard","hentry","category-economia","tag-claro","tag-compra-e-venda","tag-intervencao","tag-nextel","tag-oi","tag-tim","tag-vivo"],"_links":{"self":[{"href":"https:\/\/blogs.correiobraziliense.com.br\/vicente\/wp-json\/wp\/v2\/posts\/4734","targetHints":{"allow":["GET"]}}],"collection":[{"href":"https:\/\/blogs.correiobraziliense.com.br\/vicente\/wp-json\/wp\/v2\/posts"}],"about":[{"href":"https:\/\/blogs.correiobraziliense.com.br\/vicente\/wp-json\/wp\/v2\/types\/post"}],"author":[{"embeddable":true,"href":"https:\/\/blogs.correiobraziliense.com.br\/vicente\/wp-json\/wp\/v2\/users\/22"}],"replies":[{"embeddable":true,"href":"https:\/\/blogs.correiobraziliense.com.br\/vicente\/wp-json\/wp\/v2\/comments?post=4734"}],"version-history":[{"count":1,"href":"https:\/\/blogs.correiobraziliense.com.br\/vicente\/wp-json\/wp\/v2\/posts\/4734\/revisions"}],"predecessor-version":[{"id":4735,"href":"https:\/\/blogs.correiobraziliense.com.br\/vicente\/wp-json\/wp\/v2\/posts\/4734\/revisions\/4735"}],"wp:attachment":[{"href":"https:\/\/blogs.correiobraziliense.com.br\/vicente\/wp-json\/wp\/v2\/media?parent=4734"}],"wp:term":[{"taxonomy":"category","embeddable":true,"href":"https:\/\/blogs.correiobraziliense.com.br\/vicente\/wp-json\/wp\/v2\/categories?post=4734"},{"taxonomy":"post_tag","embeddable":true,"href":"https:\/\/blogs.correiobraziliense.com.br\/vicente\/wp-json\/wp\/v2\/tags?post=4734"}],"curies":[{"name":"wp","href":"https:\/\/api.w.org\/{rel}","templated":true}]}}